{"id":2224,"date":"2025-04-30T16:21:32","date_gmt":"2025-04-30T21:21:32","guid":{"rendered":"https:\/\/dariofelipecabello.com\/?p=2224"},"modified":"2025-04-30T16:21:34","modified_gmt":"2025-04-30T21:21:34","slug":"rejuvenecimiento-facial-sin-cirugia-con-el-dr-dario-felipe-cabello","status":"publish","type":"post","link":"https:\/\/dariofelipecabello.com\/en\/rejuvenecimiento-facial-sin-cirugia-con-el-dr-dario-felipe-cabello\/","title":{"rendered":"Rejuvenecimiento Facial sin Cirug\u00eda con el Dr. Dario Felipe Cabello"},"content":{"rendered":"<figure class=\"wp-block-image size-large is-resized\"><img fetchpriority=\"high\" decoding=\"async\" width=\"683\" height=\"1024\" src=\"https:\/\/dariofelipecabello.com\/wp-content\/uploads\/2025\/04\/IMG_2413-1-683x1024.jpg\" alt=\"\" class=\"wp-image-2229\" style=\"width:840px;height:auto\" srcset=\"https:\/\/dariofelipecabello.com\/wp-content\/uploads\/2025\/04\/IMG_2413-1-683x1024.jpg 683w, https:\/\/dariofelipecabello.com\/wp-content\/uploads\/2025\/04\/IMG_2413-1-200x300.jpg 200w, https:\/\/dariofelipecabello.com\/wp-content\/uploads\/2025\/04\/IMG_2413-1-768x1152.jpg 768w, https:\/\/dariofelipecabello.com\/wp-content\/uploads\/2025\/04\/IMG_2413-1-1024x1536.jpg 1024w, https:\/\/dariofelipecabello.com\/wp-content\/uploads\/2025\/04\/IMG_2413-1-1365x2048.jpg 1365w, https:\/\/dariofelipecabello.com\/wp-content\/uploads\/2025\/04\/IMG_2413-1-8x12.jpg 8w, https:\/\/dariofelipecabello.com\/wp-content\/uploads\/2025\/04\/IMG_2413-1-1320x1980.jpg 1320w, https:\/\/dariofelipecabello.com\/wp-content\/uploads\/2025\/04\/IMG_2413-1-600x900.jpg 600w, https:\/\/dariofelipecabello.com\/wp-content\/uploads\/2025\/04\/IMG_2413-1.jpg 1536w\" sizes=\"(max-width: 683px) 100vw, 683px\" \/><\/figure>\n\n\n\n<p>En ocasiones, notamos que nuestra piel ha perdido ese <strong>brillo juvenil<\/strong>, aparecen manchitas, flacidez leve o simplemente el rostro se ve opaco. Quiz\u00e1s a\u00fan no est\u00e1s lista (o no necesitas) una cirug\u00eda, pero s\u00ed quisieras un cambio visible. \u00a1Buenas noticias! Existen m\u00faltiples tratamientos de <strong>rejuvenecimiento facial sin cirug\u00eda<\/strong> que pueden ayudarte a verte varios a\u00f1os m\u00e1s joven de manera natural y con recuperaciones m\u00ednimas. La idea es mejorar la calidad de tu piel, atenuar arrugas finas, reponer volumen perdido y estimular tu col\u00e1geno, todo sin bistur\u00ed.<\/p>\n\n\n\n<p>El Dr. Dario Felipe Cabello ofrece un enfoque integral de rejuvenecimiento no quir\u00fargico, combinando t\u00e9cnicas de medicina est\u00e9tica de \u00faltima generaci\u00f3n. <\/p>\n\n\n\n<figure class=\"wp-block-image size-large\"><img decoding=\"async\" width=\"723\" height=\"1024\" src=\"https:\/\/dariofelipecabello.com\/wp-content\/uploads\/2025\/04\/IMG_2416-723x1024.jpg\" alt=\"\" class=\"wp-image-2231\" srcset=\"https:\/\/dariofelipecabello.com\/wp-content\/uploads\/2025\/04\/IMG_2416-723x1024.jpg 723w, https:\/\/dariofelipecabello.com\/wp-content\/uploads\/2025\/04\/IMG_2416-212x300.jpg 212w, https:\/\/dariofelipecabello.com\/wp-content\/uploads\/2025\/04\/IMG_2416-768x1087.jpg 768w, https:\/\/dariofelipecabello.com\/wp-content\/uploads\/2025\/04\/IMG_2416-1085x1536.jpg 1085w, https:\/\/dariofelipecabello.com\/wp-content\/uploads\/2025\/04\/IMG_2416-8x12.jpg 8w, https:\/\/dariofelipecabello.com\/wp-content\/uploads\/2025\/04\/IMG_2416-600x849.jpg 600w, https:\/\/dariofelipecabello.com\/wp-content\/uploads\/2025\/04\/IMG_2416.jpg 1290w\" sizes=\"(max-width: 723px) 100vw, 723px\" \/><figcaption class=\"wp-element-caption\">Screenshot<\/figcaption><\/figure>\n\n\n\n<h2 class=\"wp-block-heading\">Seg\u00fan tus necesidades, podr\u00eda recomendarte uno o una combinaci\u00f3n de estos tratamientos:<\/h2>\n\n\n\n<ul class=\"wp-block-list\">\n<li><strong>Rellenos d\u00e9rmicos (\u00e1cido hialur\u00f3nico)<\/strong>: ideales para restaurar volumen en p\u00f3mulos, suavizar surcos profundos (como las l\u00edneas nasogenianas al lado de la boca) o dar un toque de frescura a labios delgados. Los fillers devuelven esos contornos juveniles al rostro de inmediato, <em>esculpiendo sin cirug\u00eda<\/em>.<br><\/li>\n\n\n\n<li><strong>Toxina botul\u00ednica (Botox)<\/strong>: ya lo conocemos, es excelente para relajar arrugas de expresi\u00f3n en frente, entrecejo y ojos. En un plan de rejuvenecimiento, el Botox se utiliza para relajar \u00e1reas hiperactivas y prevenir que se formen arrugas marcadas, complementando otros tratamientos.<br><\/li>\n\n\n\n<li><strong>Peelings qu\u00edmicos o exfoliaciones<\/strong>: mediante sustancias seguras, se elimina la capa superficial de la piel opaca y da\u00f1ada por el sol, revelando una piel nueva m\u00e1s lisa y de tono uniforme. Es genial para reducir manchas de la edad, peque\u00f1as arrugas y dar luminosidad.<br><\/li>\n\n\n\n<li><strong>L\u00e1ser o luz pulsada<\/strong>: tecnolog\u00edas que penetran la piel para estimular col\u00e1geno desde adentro. Mejoran la textura, reducen manchas y rojeces, y tensan ligeramente la piel. Son procedimientos en consultorio con m\u00ednima molestia y grandes beneficios a mediano plazo.<br><\/li>\n\n\n\n<li><strong>Hilos tensores<\/strong>: son filamentos reabsorbibles que el m\u00e9dico inserta bajo la piel para producir un efecto lifting leve a moderado en zonas como mejillas, l\u00ednea de la mand\u00edbula o cuello. No dejan cicatrices y al irse disolviendo tambi\u00e9n inducen col\u00e1geno, as\u00ed que el resultado mejora con el tiempo.<br><\/li>\n\n\n\n<li><strong>Radiofrecuencia y Ultrasonido focalizado (HIFU)<\/strong>: equipos que generan calor en las capas profundas de la piel para contraer el tejido y estimular col\u00e1geno. Ayudan a tensar la piel fl\u00e1cida de cara y cuello gradualmente, sin incisiones.<\/li>\n<\/ul>\n\n\n\n<p>Como ves, opciones sobran. Y aunque suene t\u00e9cnico, el punto clave es que el Dr. Dario Felipe Cabello dise\u00f1ar\u00e1 un <strong>plan personalizado<\/strong> para ti. En la consulta de valoraci\u00f3n, examinar\u00e1 tu piel, tu estructura facial y escuchar\u00e1 qu\u00e9 te gustar\u00eda mejorar. Tal vez te diga: \u201cCreo que con un poco de filler en p\u00f3mulos y un Botox suave en frente lograremos que te veas descansada\u201d, o quiz\u00e1 recomiende un peeling para dar frescura general y luego evaluar otros pasos. Cada rostro es \u00fanico, y el rejuvenecimiento exitoso viene de <em>combinar arte y ciencia<\/em> para realzar tu belleza individual sin transformarla.<\/p>\n\n\n\n<p>La gran ventaja del rejuvenecimiento facial sin cirug\u00eda es que los riesgos son menores y las recuperaciones r\u00e1pidas. Podr\u00e1s hacerte un tratamiento y seguir con tu vida: a lo sumo, ligeras rojeces o hinchaz\u00f3n temporal dependiendo de lo realizado, pero nada que te aleje mucho tiempo de tus actividades. Estos procedimientos son muy populares entre personas de 40, 50, 60 a\u00f1os que quieren verse mejor y <strong>sentirse radiantes<\/strong>, pero sin el compromiso ni el costo de una cirug\u00eda mayor.<\/p>\n\n\n\n<p>Imag\u00ednate recibir cumplidos como \u201c\u00a1qu\u00e9 bien te ves, hiciste algo diferente?\u201d sin que nadie adivine exactamente qu\u00e9. Esa es la meta: un rejuvenecimiento sutil pero significativo, que te quite el aspecto cansado y te devuelva un aire juvenil. Con el Dr. Dario Felipe Cabello tendr\u00e1s la confianza de estar en manos de un experto tanto en lo quir\u00fargico como en lo no quir\u00fargico, que siempre buscar\u00e1 un resultado natural. \u00c9l se mantiene actualizado en las \u00faltimas t\u00e9cnicas (hilos m\u00e1s novedosos, l\u00e1seres eficientes, etc.) para ofrecerte lo mejor.<\/p>\n\n\n\n<figure class=\"wp-block-image size-large\"><img decoding=\"async\" width=\"1024\" height=\"683\" src=\"https:\/\/dariofelipecabello.com\/wp-content\/uploads\/2025\/04\/IMG_2414-1024x683.jpg\" alt=\"\" class=\"wp-image-2230\" srcset=\"https:\/\/dariofelipecabello.com\/wp-content\/uploads\/2025\/04\/IMG_2414-1024x683.jpg 1024w, https:\/\/dariofelipecabello.com\/wp-content\/uploads\/2025\/04\/IMG_2414-300x200.jpg 300w, https:\/\/dariofelipecabello.com\/wp-content\/uploads\/2025\/04\/IMG_2414-768x512.jpg 768w, https:\/\/dariofelipecabello.com\/wp-content\/uploads\/2025\/04\/IMG_2414-1536x1024.jpg 1536w, https:\/\/dariofelipecabello.com\/wp-content\/uploads\/2025\/04\/IMG_2414-2048x1365.jpg 2048w, https:\/\/dariofelipecabello.com\/wp-content\/uploads\/2025\/04\/IMG_2414-18x12.jpg 18w, https:\/\/dariofelipecabello.com\/wp-content\/uploads\/2025\/04\/IMG_2414-1320x880.jpg 1320w, https:\/\/dariofelipecabello.com\/wp-content\/uploads\/2025\/04\/IMG_2414-600x400.jpg 600w\" sizes=\"(max-width: 1024px) 100vw, 1024px\" \/><\/figure>\n\n\n\n<p><\/p>\n\n\n\n<h2 class=\"wp-block-heading\">No dejes que el espejo dicte c\u00f3mo te sientes<\/h2>\n\n\n\n<p><strong>Recupera el esplendor de tu piel y la firmeza de tu rostro<\/strong> con tratamientos a tu medida. Agenda una consulta de valoraci\u00f3n de rejuvenecimiento facial con el Dr. Dario Felipe Cabello y comienza un camino de regreso hacia esa versi\u00f3n m\u00e1s lozana de ti misma. Tu reflejo te sonreir\u00e1 agradecido cada ma\u00f1ana.<\/p>\n\n\n\n<p>\u00bfBuscas algo m\u00e1s profundo? Conoce nuestra t\u00e9cnica de <a href=\"https:\/\/dariofelipecabello.com\/es\/lifting-facial\/\">lifting facial quir\u00fargico<\/a> con resultados naturales.<\/p>\n\n\n\n<p>Tambi\u00e9n puedes ver c\u00f3mo mejoramos volumen y forma con <a href=\"https:\/\/dariofelipecabello.com\/es\/mamoplastia-de-aumento\/\">mamoplastia de aumento<\/a>.<br><\/p>","protected":false},"excerpt":{"rendered":"<p>En ocasiones, notamos que nuestra piel ha perdido ese brillo juvenil, aparecen manchitas, flacidez leve o simplemente el rostro se ve opaco. Quiz\u00e1s a\u00fan no est\u00e1s lista (o no necesitas) una cirug\u00eda, pero s\u00ed quisieras un cambio visible. \u00a1Buenas noticias! Existen m\u00faltiples tratamientos de rejuvenecimiento facial sin cirug\u00eda que pueden ayudarte a verte varios a\u00f1os [&hellip;]<\/p>","protected":false},"author":1,"featured_media":2230,"comment_status":"open","ping_status":"open","sticky":false,"template":"","format":"standard","meta":{"_ppp_document_settings_meta":"","_jetpack_memberships_contains_paid_content":false,"footnotes":"[]"},"categories":[1],"tags":[],"class_list":["post-2224","post","type-post","status-publish","format-standard","has-post-thumbnail","hentry","category-blog"],"yoast_head":"<!-- This site is optimized with the Yoast SEO plugin v22.8 - https:\/\/yoast.com\/wordpress\/plugins\/seo\/ -->\n<title>Rejuvenecimiento Facial sin Cirug\u00eda con el Dr. Dario Felipe Cabello - Dario Felipe Cabello<\/title>\n<meta name=\"description\" content=\"Descubre el rejuvenecimiento facial sin cirug\u00eda con el Dr. Cabello. Resultados naturales, r\u00e1pidos y sin bistur\u00ed. Agenda tu valoraci\u00f3n hoy.\" \/>\n<meta name=\"robots\" content=\"index, follow, max-snippet:-1, max-image-preview:large, max-video-preview:-1\" \/>\n<link rel=\"canonical\" href=\"https:\/\/dariofelipecabello.com\/en\/rejuvenecimiento-facial-sin-cirugia-con-el-dr-dario-felipe-cabello\/\" \/>\n<meta property=\"og:locale\" content=\"en_US\" \/>\n<meta property=\"og:type\" content=\"article\" \/>\n<meta property=\"og:title\" content=\"Rejuvenecimiento Facial sin Cirug\u00eda con el Dr. Dario Felipe Cabello - Dario Felipe Cabello\" \/>\n<meta property=\"og:description\" content=\"Descubre el rejuvenecimiento facial sin cirug\u00eda con el Dr. Cabello. Resultados naturales, r\u00e1pidos y sin bistur\u00ed. Agenda tu valoraci\u00f3n hoy.\" \/>\n<meta property=\"og:url\" content=\"https:\/\/dariofelipecabello.com\/en\/rejuvenecimiento-facial-sin-cirugia-con-el-dr-dario-felipe-cabello\/\" \/>\n<meta property=\"og:site_name\" content=\"Dario Felipe Cabello\" \/>\n<meta property=\"article:published_time\" content=\"2025-04-30T21:21:32+00:00\" \/>\n<meta property=\"article:modified_time\" content=\"2025-04-30T21:21:34+00:00\" \/>\n<meta property=\"og:image\" content=\"https:\/\/dariofelipecabello.com\/wp-content\/uploads\/2025\/04\/IMG_2414.jpg\" \/>\n\t<meta property=\"og:image:width\" content=\"2304\" \/>\n\t<meta property=\"og:image:height\" content=\"1536\" \/>\n\t<meta property=\"og:image:type\" content=\"image\/jpeg\" \/>\n<meta name=\"author\" content=\"dariofelipecabello.com\" \/>\n<meta name=\"twitter:card\" content=\"summary_large_image\" \/>\n<meta name=\"twitter:label1\" content=\"Written by\" \/>\n\t<meta name=\"twitter:data1\" content=\"dariofelipecabello.com\" \/>\n\t<meta name=\"twitter:label2\" content=\"Est. reading time\" \/>\n\t<meta name=\"twitter:data2\" content=\"5 minutes\" \/>\n<script type=\"application\/ld+json\" class=\"yoast-schema-graph\">{\"@context\":\"https:\/\/schema.org\",\"@graph\":[{\"@type\":\"Article\",\"@id\":\"https:\/\/dariofelipecabello.com\/rejuvenecimiento-facial-sin-cirugia-con-el-dr-dario-felipe-cabello\/#article\",\"isPartOf\":{\"@id\":\"https:\/\/dariofelipecabello.com\/rejuvenecimiento-facial-sin-cirugia-con-el-dr-dario-felipe-cabello\/\"},\"author\":{\"name\":\"dariofelipecabello.com\",\"@id\":\"https:\/\/dariofelipecabello.com\/es\/#\/schema\/person\/3fdc12cd889f4bf5a7817f39c5ec14df\"},\"headline\":\"Rejuvenecimiento Facial sin Cirug\u00eda con el Dr. Dario Felipe Cabello\",\"datePublished\":\"2025-04-30T21:21:32+00:00\",\"dateModified\":\"2025-04-30T21:21:34+00:00\",\"mainEntityOfPage\":{\"@id\":\"https:\/\/dariofelipecabello.com\/rejuvenecimiento-facial-sin-cirugia-con-el-dr-dario-felipe-cabello\/\"},\"wordCount\":800,\"commentCount\":0,\"publisher\":{\"@id\":\"https:\/\/dariofelipecabello.com\/es\/#organization\"},\"image\":{\"@id\":\"https:\/\/dariofelipecabello.com\/rejuvenecimiento-facial-sin-cirugia-con-el-dr-dario-felipe-cabello\/#primaryimage\"},\"thumbnailUrl\":\"https:\/\/dariofelipecabello.com\/wp-content\/uploads\/2025\/04\/IMG_2414.jpg\",\"articleSection\":[\"Blog\"],\"inLanguage\":\"en-US\",\"potentialAction\":[{\"@type\":\"CommentAction\",\"name\":\"Comment\",\"target\":[\"https:\/\/dariofelipecabello.com\/rejuvenecimiento-facial-sin-cirugia-con-el-dr-dario-felipe-cabello\/#respond\"]}]},{\"@type\":\"WebPage\",\"@id\":\"https:\/\/dariofelipecabello.com\/rejuvenecimiento-facial-sin-cirugia-con-el-dr-dario-felipe-cabello\/\",\"url\":\"https:\/\/dariofelipecabello.com\/rejuvenecimiento-facial-sin-cirugia-con-el-dr-dario-felipe-cabello\/\",\"name\":\"Rejuvenecimiento Facial sin Cirug\u00eda con el Dr. Dario Felipe Cabello - Dario Felipe Cabello\",\"isPartOf\":{\"@id\":\"https:\/\/dariofelipecabello.com\/es\/#website\"},\"primaryImageOfPage\":{\"@id\":\"https:\/\/dariofelipecabello.com\/rejuvenecimiento-facial-sin-cirugia-con-el-dr-dario-felipe-cabello\/#primaryimage\"},\"image\":{\"@id\":\"https:\/\/dariofelipecabello.com\/rejuvenecimiento-facial-sin-cirugia-con-el-dr-dario-felipe-cabello\/#primaryimage\"},\"thumbnailUrl\":\"https:\/\/dariofelipecabello.com\/wp-content\/uploads\/2025\/04\/IMG_2414.jpg\",\"datePublished\":\"2025-04-30T21:21:32+00:00\",\"dateModified\":\"2025-04-30T21:21:34+00:00\",\"description\":\"Descubre el rejuvenecimiento facial sin cirug\u00eda con el Dr. Cabello. Resultados naturales, r\u00e1pidos y sin bistur\u00ed. Agenda tu valoraci\u00f3n hoy.\",\"breadcrumb\":{\"@id\":\"https:\/\/dariofelipecabello.com\/rejuvenecimiento-facial-sin-cirugia-con-el-dr-dario-felipe-cabello\/#breadcrumb\"},\"inLanguage\":\"en-US\",\"potentialAction\":[{\"@type\":\"ReadAction\",\"target\":[\"https:\/\/dariofelipecabello.com\/rejuvenecimiento-facial-sin-cirugia-con-el-dr-dario-felipe-cabello\/\"]}]},{\"@type\":\"ImageObject\",\"inLanguage\":\"en-US\",\"@id\":\"https:\/\/dariofelipecabello.com\/rejuvenecimiento-facial-sin-cirugia-con-el-dr-dario-felipe-cabello\/#primaryimage\",\"url\":\"https:\/\/dariofelipecabello.com\/wp-content\/uploads\/2025\/04\/IMG_2414.jpg\",\"contentUrl\":\"https:\/\/dariofelipecabello.com\/wp-content\/uploads\/2025\/04\/IMG_2414.jpg\",\"width\":2304,\"height\":1536},{\"@type\":\"BreadcrumbList\",\"@id\":\"https:\/\/dariofelipecabello.com\/rejuvenecimiento-facial-sin-cirugia-con-el-dr-dario-felipe-cabello\/#breadcrumb\",\"itemListElement\":[{\"@type\":\"ListItem\",\"position\":1,\"name\":\"Portada\",\"item\":\"https:\/\/dariofelipecabello.com\/\"},{\"@type\":\"ListItem\",\"position\":2,\"name\":\"Rejuvenecimiento Facial sin Cirug\u00eda con el Dr. Dario Felipe Cabello\"}]},{\"@type\":\"WebSite\",\"@id\":\"https:\/\/dariofelipecabello.com\/es\/#website\",\"url\":\"https:\/\/dariofelipecabello.com\/es\/\",\"name\":\"Dario Felipe Cabello\",\"description\":\"Keep it Natural\",\"publisher\":{\"@id\":\"https:\/\/dariofelipecabello.com\/es\/#organization\"},\"potentialAction\":[{\"@type\":\"SearchAction\",\"target\":{\"@type\":\"EntryPoint\",\"urlTemplate\":\"https:\/\/dariofelipecabello.com\/es\/?s={search_term_string}\"},\"query-input\":\"required name=search_term_string\"}],\"inLanguage\":\"en-US\"},{\"@type\":\"Organization\",\"@id\":\"https:\/\/dariofelipecabello.com\/es\/#organization\",\"name\":\"Dario Felipe Cabello\",\"url\":\"https:\/\/dariofelipecabello.com\/es\/\",\"logo\":{\"@type\":\"ImageObject\",\"inLanguage\":\"en-US\",\"@id\":\"https:\/\/dariofelipecabello.com\/es\/#\/schema\/logo\/image\/\",\"url\":\"https:\/\/dariofelipecabello.com\/wp-content\/uploads\/2024\/03\/Logo-DFC-Color.png\",\"contentUrl\":\"https:\/\/dariofelipecabello.com\/wp-content\/uploads\/2024\/03\/Logo-DFC-Color.png\",\"width\":997,\"height\":412,\"caption\":\"Dario Felipe Cabello\"},\"image\":{\"@id\":\"https:\/\/dariofelipecabello.com\/es\/#\/schema\/logo\/image\/\"},\"sameAs\":[\"https:\/\/www.instagram.com\/dariofcabello\",\"https:\/\/www.instagram.com\/plasticabello\"]},{\"@type\":\"Person\",\"@id\":\"https:\/\/dariofelipecabello.com\/es\/#\/schema\/person\/3fdc12cd889f4bf5a7817f39c5ec14df\",\"name\":\"dariofelipecabello.com\",\"image\":{\"@type\":\"ImageObject\",\"inLanguage\":\"en-US\",\"@id\":\"https:\/\/dariofelipecabello.com\/es\/#\/schema\/person\/image\/\",\"url\":\"https:\/\/secure.gravatar.com\/avatar\/e2c64b2dfbc74084f6e3242b509db17c?s=96&d=mm&r=g\",\"contentUrl\":\"https:\/\/secure.gravatar.com\/avatar\/e2c64b2dfbc74084f6e3242b509db17c?s=96&d=mm&r=g\",\"caption\":\"dariofelipecabello.com\"},\"sameAs\":[\"http:\/\/dariofelipecabello.com\"],\"url\":\"https:\/\/dariofelipecabello.com\/en\/author\/dariofelipecabello-com\/\"}]}<\/script>\n<!-- \/ Yoast SEO plugin. -->","yoast_head_json":{"title":"Rejuvenecimiento Facial sin Cirug\u00eda con el Dr. Dario Felipe Cabello - Dario Felipe Cabello","description":"Descubre el rejuvenecimiento facial sin cirug\u00eda con el Dr. Cabello. Resultados naturales, r\u00e1pidos y sin bistur\u00ed. Agenda tu valoraci\u00f3n hoy.","robots":{"index":"index","follow":"follow","max-snippet":"max-snippet:-1","max-image-preview":"max-image-preview:large","max-video-preview":"max-video-preview:-1"},"canonical":"https:\/\/dariofelipecabello.com\/en\/rejuvenecimiento-facial-sin-cirugia-con-el-dr-dario-felipe-cabello\/","og_locale":"en_US","og_type":"article","og_title":"Rejuvenecimiento Facial sin Cirug\u00eda con el Dr. Dario Felipe Cabello - Dario Felipe Cabello","og_description":"Descubre el rejuvenecimiento facial sin cirug\u00eda con el Dr. Cabello. Resultados naturales, r\u00e1pidos y sin bistur\u00ed. Agenda tu valoraci\u00f3n hoy.","og_url":"https:\/\/dariofelipecabello.com\/en\/rejuvenecimiento-facial-sin-cirugia-con-el-dr-dario-felipe-cabello\/","og_site_name":"Dario Felipe Cabello","article_published_time":"2025-04-30T21:21:32+00:00","article_modified_time":"2025-04-30T21:21:34+00:00","og_image":[{"width":2304,"height":1536,"url":"https:\/\/dariofelipecabello.com\/wp-content\/uploads\/2025\/04\/IMG_2414.jpg","type":"image\/jpeg"}],"author":"dariofelipecabello.com","twitter_card":"summary_large_image","twitter_misc":{"Written by":"dariofelipecabello.com","Est. reading time":"5 minutes"},"schema":{"@context":"https:\/\/schema.org","@graph":[{"@type":"Article","@id":"https:\/\/dariofelipecabello.com\/rejuvenecimiento-facial-sin-cirugia-con-el-dr-dario-felipe-cabello\/#article","isPartOf":{"@id":"https:\/\/dariofelipecabello.com\/rejuvenecimiento-facial-sin-cirugia-con-el-dr-dario-felipe-cabello\/"},"author":{"name":"dariofelipecabello.com","@id":"https:\/\/dariofelipecabello.com\/es\/#\/schema\/person\/3fdc12cd889f4bf5a7817f39c5ec14df"},"headline":"Rejuvenecimiento Facial sin Cirug\u00eda con el Dr. Dario Felipe Cabello","datePublished":"2025-04-30T21:21:32+00:00","dateModified":"2025-04-30T21:21:34+00:00","mainEntityOfPage":{"@id":"https:\/\/dariofelipecabello.com\/rejuvenecimiento-facial-sin-cirugia-con-el-dr-dario-felipe-cabello\/"},"wordCount":800,"commentCount":0,"publisher":{"@id":"https:\/\/dariofelipecabello.com\/es\/#organization"},"image":{"@id":"https:\/\/dariofelipecabello.com\/rejuvenecimiento-facial-sin-cirugia-con-el-dr-dario-felipe-cabello\/#primaryimage"},"thumbnailUrl":"https:\/\/dariofelipecabello.com\/wp-content\/uploads\/2025\/04\/IMG_2414.jpg","articleSection":["Blog"],"inLanguage":"en-US","potentialAction":[{"@type":"CommentAction","name":"Comment","target":["https:\/\/dariofelipecabello.com\/rejuvenecimiento-facial-sin-cirugia-con-el-dr-dario-felipe-cabello\/#respond"]}]},{"@type":"WebPage","@id":"https:\/\/dariofelipecabello.com\/rejuvenecimiento-facial-sin-cirugia-con-el-dr-dario-felipe-cabello\/","url":"https:\/\/dariofelipecabello.com\/rejuvenecimiento-facial-sin-cirugia-con-el-dr-dario-felipe-cabello\/","name":"Rejuvenecimiento Facial sin Cirug\u00eda con el Dr. Dario Felipe Cabello - Dario Felipe Cabello","isPartOf":{"@id":"https:\/\/dariofelipecabello.com\/es\/#website"},"primaryImageOfPage":{"@id":"https:\/\/dariofelipecabello.com\/rejuvenecimiento-facial-sin-cirugia-con-el-dr-dario-felipe-cabello\/#primaryimage"},"image":{"@id":"https:\/\/dariofelipecabello.com\/rejuvenecimiento-facial-sin-cirugia-con-el-dr-dario-felipe-cabello\/#primaryimage"},"thumbnailUrl":"https:\/\/dariofelipecabello.com\/wp-content\/uploads\/2025\/04\/IMG_2414.jpg","datePublished":"2025-04-30T21:21:32+00:00","dateModified":"2025-04-30T21:21:34+00:00","description":"Descubre el rejuvenecimiento facial sin cirug\u00eda con el Dr. Cabello. Resultados naturales, r\u00e1pidos y sin bistur\u00ed. Agenda tu valoraci\u00f3n hoy.","breadcrumb":{"@id":"https:\/\/dariofelipecabello.com\/rejuvenecimiento-facial-sin-cirugia-con-el-dr-dario-felipe-cabello\/#breadcrumb"},"inLanguage":"en-US","potentialAction":[{"@type":"ReadAction","target":["https:\/\/dariofelipecabello.com\/rejuvenecimiento-facial-sin-cirugia-con-el-dr-dario-felipe-cabello\/"]}]},{"@type":"ImageObject","inLanguage":"en-US","@id":"https:\/\/dariofelipecabello.com\/rejuvenecimiento-facial-sin-cirugia-con-el-dr-dario-felipe-cabello\/#primaryimage","url":"https:\/\/dariofelipecabello.com\/wp-content\/uploads\/2025\/04\/IMG_2414.jpg","contentUrl":"https:\/\/dariofelipecabello.com\/wp-content\/uploads\/2025\/04\/IMG_2414.jpg","width":2304,"height":1536},{"@type":"BreadcrumbList","@id":"https:\/\/dariofelipecabello.com\/rejuvenecimiento-facial-sin-cirugia-con-el-dr-dario-felipe-cabello\/#breadcrumb","itemListElement":[{"@type":"ListItem","position":1,"name":"Portada","item":"https:\/\/dariofelipecabello.com\/"},{"@type":"ListItem","position":2,"name":"Rejuvenecimiento Facial sin Cirug\u00eda con el Dr. Dario Felipe Cabello"}]},{"@type":"WebSite","@id":"https:\/\/dariofelipecabello.com\/es\/#website","url":"https:\/\/dariofelipecabello.com\/es\/","name":"Dario Felipe Cabello","description":"Keep it Natural","publisher":{"@id":"https:\/\/dariofelipecabello.com\/es\/#organization"},"potentialAction":[{"@type":"SearchAction","target":{"@type":"EntryPoint","urlTemplate":"https:\/\/dariofelipecabello.com\/es\/?s={search_term_string}"},"query-input":"required name=search_term_string"}],"inLanguage":"en-US"},{"@type":"Organization","@id":"https:\/\/dariofelipecabello.com\/es\/#organization","name":"Dario Felipe Cabello","url":"https:\/\/dariofelipecabello.com\/es\/","logo":{"@type":"ImageObject","inLanguage":"en-US","@id":"https:\/\/dariofelipecabello.com\/es\/#\/schema\/logo\/image\/","url":"https:\/\/dariofelipecabello.com\/wp-content\/uploads\/2024\/03\/Logo-DFC-Color.png","contentUrl":"https:\/\/dariofelipecabello.com\/wp-content\/uploads\/2024\/03\/Logo-DFC-Color.png","width":997,"height":412,"caption":"Dario Felipe Cabello"},"image":{"@id":"https:\/\/dariofelipecabello.com\/es\/#\/schema\/logo\/image\/"},"sameAs":["https:\/\/www.instagram.com\/dariofcabello","https:\/\/www.instagram.com\/plasticabello"]},{"@type":"Person","@id":"https:\/\/dariofelipecabello.com\/es\/#\/schema\/person\/3fdc12cd889f4bf5a7817f39c5ec14df","name":"dariofelipecabello.com","image":{"@type":"ImageObject","inLanguage":"en-US","@id":"https:\/\/dariofelipecabello.com\/es\/#\/schema\/person\/image\/","url":"https:\/\/secure.gravatar.com\/avatar\/e2c64b2dfbc74084f6e3242b509db17c?s=96&d=mm&r=g","contentUrl":"https:\/\/secure.gravatar.com\/avatar\/e2c64b2dfbc74084f6e3242b509db17c?s=96&d=mm&r=g","caption":"dariofelipecabello.com"},"sameAs":["http:\/\/dariofelipecabello.com"],"url":"https:\/\/dariofelipecabello.com\/en\/author\/dariofelipecabello-com\/"}]}},"jetpack_sharing_enabled":true,"jetpack_featured_media_url":"https:\/\/dariofelipecabello.com\/wp-content\/uploads\/2025\/04\/IMG_2414.jpg","_links":{"self":[{"href":"https:\/\/dariofelipecabello.com\/en\/wp-json\/wp\/v2\/posts\/2224","targetHints":{"allow":["GET"]}}],"collection":[{"href":"https:\/\/dariofelipecabello.com\/en\/wp-json\/wp\/v2\/posts"}],"about":[{"href":"https:\/\/dariofelipecabello.com\/en\/wp-json\/wp\/v2\/types\/post"}],"author":[{"embeddable":true,"href":"https:\/\/dariofelipecabello.com\/en\/wp-json\/wp\/v2\/users\/1"}],"replies":[{"embeddable":true,"href":"https:\/\/dariofelipecabello.com\/en\/wp-json\/wp\/v2\/comments?post=2224"}],"version-history":[{"count":1,"href":"https:\/\/dariofelipecabello.com\/en\/wp-json\/wp\/v2\/posts\/2224\/revisions"}],"predecessor-version":[{"id":2232,"href":"https:\/\/dariofelipecabello.com\/en\/wp-json\/wp\/v2\/posts\/2224\/revisions\/2232"}],"wp:featuredmedia":[{"embeddable":true,"href":"https:\/\/dariofelipecabello.com\/en\/wp-json\/wp\/v2\/media\/2230"}],"wp:attachment":[{"href":"https:\/\/dariofelipecabello.com\/en\/wp-json\/wp\/v2\/media?parent=2224"}],"wp:term":[{"taxonomy":"category","embeddable":true,"href":"https:\/\/dariofelipecabello.com\/en\/wp-json\/wp\/v2\/categories?post=2224"},{"taxonomy":"post_tag","embeddable":true,"href":"https:\/\/dariofelipecabello.com\/en\/wp-json\/wp\/v2\/tags?post=2224"}],"curies":[{"name":"wp","href":"https:\/\/api.w.org\/{rel}","templated":true}]}}