{"id":2241,"date":"2025-05-14T15:19:59","date_gmt":"2025-05-14T20:19:59","guid":{"rendered":"https:\/\/dariofelipecabello.com\/?p=2241"},"modified":"2025-05-14T15:20:02","modified_gmt":"2025-05-14T20:20:02","slug":"blefaroplastia-cirugia-de-parpados-con-el-dr-dario-cabello-2","status":"publish","type":"post","link":"https:\/\/dariofelipecabello.com\/en\/blefaroplastia-cirugia-de-parpados-con-el-dr-dario-cabello-2\/","title":{"rendered":"Blefaroplastia \u2013 Cirug\u00eda de P\u00e1rpados con el Dr. Dario Felipe Cabello"},"content":{"rendered":"<figure class=\"wp-block-image size-large is-resized\"><img fetchpriority=\"high\" decoding=\"async\" width=\"1024\" height=\"704\" src=\"https:\/\/dariofelipecabello.com\/wp-content\/uploads\/2025\/05\/IMG_2607-1024x704.jpg\" alt=\"\" class=\"wp-image-2236\" style=\"width:840px;height:auto\" srcset=\"https:\/\/dariofelipecabello.com\/wp-content\/uploads\/2025\/05\/IMG_2607-1024x704.jpg 1024w, https:\/\/dariofelipecabello.com\/wp-content\/uploads\/2025\/05\/IMG_2607-300x206.jpg 300w, https:\/\/dariofelipecabello.com\/wp-content\/uploads\/2025\/05\/IMG_2607-768x528.jpg 768w, https:\/\/dariofelipecabello.com\/wp-content\/uploads\/2025\/05\/IMG_2607-1536x1056.jpg 1536w, https:\/\/dariofelipecabello.com\/wp-content\/uploads\/2025\/05\/IMG_2607-2048x1408.jpg 2048w, https:\/\/dariofelipecabello.com\/wp-content\/uploads\/2025\/05\/IMG_2607-18x12.jpg 18w, https:\/\/dariofelipecabello.com\/wp-content\/uploads\/2025\/05\/IMG_2607-1320x908.jpg 1320w, https:\/\/dariofelipecabello.com\/wp-content\/uploads\/2025\/05\/IMG_2607-600x413.jpg 600w\" sizes=\"(max-width: 1024px) 100vw, 1024px\" \/><\/figure>\n\n\n\n<p>La <strong>blefaroplastia<\/strong> es una soluci\u00f3n eficaz para rejuvenecer tu mirada y eliminar p\u00e1rpados ca\u00eddos o bolsas bajo los ojos, problemas comunes con el paso de los a\u00f1os.<\/p>\n\n\n\n<p>La mirada es el reflejo de nuestras emociones y, lamentablemente, uno de los primeros lugares donde se notan los signos de la edad. \u00bfTe han dicho que luces cansada incluso cuando duermes bien? \u00bfTus p\u00e1rpados superiores se ven ca\u00eddos o abultados, o tienes <strong>bolsas bajo los ojos<\/strong> que no desaparecen con nada? Estos cambios son comunes despu\u00e9s de los 40 o 50: la piel del p\u00e1rpado pierde elasticidad y se descuelga, y las almohadillas de grasa pueden protruir formando bolsas. La buena noticia es que la <strong>blefaroplastia<\/strong>, o cirug\u00eda de p\u00e1rpados, puede resolver estos problemas y devolverle a tus ojos una apariencia fresca y juvenil.<\/p>\n\n\n\n<p>La blefaroplastia est\u00e1 avalada por instituciones como la <a href=\"https:\/\/www.asoprs.org\/what-is-blepharoplasty-eyelid-surgery\" target=\"_blank\" rel=\"noreferrer noopener\">ASOPRS<\/a>, quienes destacan su eficacia para el rejuvenecimiento ocular.<\/p>\n\n\n\n<h2 class=\"wp-block-heading\">La blefaroplastia puede realizarse en los p\u00e1rpados superiores, inferiores o ambos, seg\u00fan lo que necesites:<\/h2>\n\n\n\n<ul class=\"wp-block-list\">\n<li><strong>Blefaroplastia superior<\/strong>: perfecta si tienes piel sobrante colgando sobre los p\u00e1rpados superiores, incluso llegando a veces a interferir con tu campo visual o dificultar maquillarte. El Dr. Dario Felipe Cabello remover\u00e1 ese exceso de piel (y grasa, si hay bolsas en la parte superior) mediante una incisi\u00f3n muy fina en el pliegue natural del p\u00e1rpado. La cicatriz queda escondida en ese pliegue, por lo que una vez sanes, pr\u00e1cticamente <strong>no se nota<\/strong>.<\/li>\n\n\n\n<li><strong>Blefaroplastia inferior<\/strong>: ideal para las bolsitas bajo los ojos y arrugas finas del p\u00e1rpado inferior. Aqu\u00ed la incisi\u00f3n suele hacerse justo bajo las pesta\u00f1as inferiores o incluso por dentro del p\u00e1rpado (v\u00eda transconjuntival) si solo se retirar\u00e1 grasa. A trav\u00e9s de ella, el Dr. Dario Felipe Cabello extrae o redistribuye la grasa que causa las bolsas y puede tensar ligeramente la piel. Resultado: adi\u00f3s apariencia de cansancio o \u201cojo hinchado\u201d.<\/li>\n<\/ul>\n\n\n\n<h2 class=\"wp-block-heading\">El procedimiento se realiza com\u00fanmente con anestesia local y sedaci\u00f3n suave.<\/h2>\n\n\n\n<p>Muchas pacientes se sorprenden de lo <strong>r\u00e1pido y sencillo<\/strong> que resulta: en unas 2 horas o menos est\u00e1 todo listo, y tras un breve periodo de recuperaci\u00f3n \u00a1puedes irte a casa el mismo d\u00eda! Los primeros d\u00edas despu\u00e9s de la blefaroplastia tendr\u00e1s algo de hinchaz\u00f3n y posiblemente moretones alrededor de los ojos (como si hubieras llorado mucho o perdido una pelea de almohadas). Pero siguiendo las indicaciones \u2013compresas fr\u00edas, dormir con la cabeza elevada, pomadas lubricantes\u2013 esa inflamaci\u00f3n baja notablemente en la primera semana. En 7 a 10 d\u00edas ya podr\u00edas retomar actividades normales y admirar una mirada mucho m\u00e1s despierta.<\/p>\n\n\n\n<p><strong>\u00bfC\u00f3mo puede cambiar tu vida una blefaroplastia?<\/strong> Te sorprender\u00eda lo mucho que unos p\u00e1rpados rejuvenecidos mejoran todo el rostro:<\/p>\n\n\n\n<ul class=\"wp-block-list\">\n<li>Tus ojos parecer\u00e1n <strong>m\u00e1s grandes y brillantes<\/strong>. Sin el exceso de piel tap\u00e1ndolos, se ven m\u00e1s abiertos, dando una expresi\u00f3n alerta y juvenil.<br><\/li>\n\n\n\n<li>Desaparece el aspecto permanente de <strong>cansancio o tristeza<\/strong> que dan los p\u00e1rpados ca\u00eddos y las bolsas. Te ver\u00e1s tan descansada por fuera como te sientes por dentro.<br><\/li>\n\n\n\n<li>El maquillaje vuelve a ser tu amigo: muchas mujeres aman poder aplicarse sombra de ojos y delineador con facilidad tras a\u00f1os de lidiar con p\u00e1rpados pesados donde el maquillaje se corr\u00eda o no se ve\u00eda.<br><\/li>\n<\/ul>\n\n\n\n<p>Los resultados son duraderos: usualmente una blefaroplastia bien hecha mantiene sus beneficios por d\u00e9cadas. Es como \u201cresetear\u201d el reloj en la zona de tus ojos.<\/p>\n\n\n\n<figure class=\"wp-block-image size-large\"><img decoding=\"async\" width=\"683\" height=\"1024\" src=\"https:\/\/dariofelipecabello.com\/wp-content\/uploads\/2025\/05\/IMG_2608-683x1024.jpg\" alt=\"\" class=\"wp-image-2237\" srcset=\"https:\/\/dariofelipecabello.com\/wp-content\/uploads\/2025\/05\/IMG_2608-683x1024.jpg 683w, https:\/\/dariofelipecabello.com\/wp-content\/uploads\/2025\/05\/IMG_2608-200x300.jpg 200w, https:\/\/dariofelipecabello.com\/wp-content\/uploads\/2025\/05\/IMG_2608-768x1151.jpg 768w, https:\/\/dariofelipecabello.com\/wp-content\/uploads\/2025\/05\/IMG_2608-1025x1536.jpg 1025w, https:\/\/dariofelipecabello.com\/wp-content\/uploads\/2025\/05\/IMG_2608-1367x2048.jpg 1367w, https:\/\/dariofelipecabello.com\/wp-content\/uploads\/2025\/05\/IMG_2608-8x12.jpg 8w, https:\/\/dariofelipecabello.com\/wp-content\/uploads\/2025\/05\/IMG_2608-1320x1978.jpg 1320w, https:\/\/dariofelipecabello.com\/wp-content\/uploads\/2025\/05\/IMG_2608-600x899.jpg 600w, https:\/\/dariofelipecabello.com\/wp-content\/uploads\/2025\/05\/IMG_2608.jpg 1535w\" sizes=\"(max-width: 683px) 100vw, 683px\" \/><\/figure>\n\n\n\n<p><\/p>\n\n\n\n<h2 class=\"wp-block-heading\">El Dr. Felipe Cabello tiene especial cuidado en la blefaroplastia de lograr cambios <strong>sutiles pero poderosos<\/strong>. Su meta es que sigas vi\u00e9ndote como t\u00fa, solo que m\u00e1s rejuvenecida.<\/h2>\n\n\n\n<p>Nada de ojos con forma extra\u00f1a o halos hundidos; la t\u00e9cnica precisa y la experiencia son clave para ello. \u00c9l planificar\u00e1 las incisiones y la cantidad de piel\/grasa a remover de forma personalizada para tus p\u00e1rpados, porque cada paciente es \u00fanica. Adem\u00e1s, opera en entornos seguros y te da un seguimiento postoperatorio cercano para asegurarse de tu c\u00f3moda recuperaci\u00f3n.<\/p>\n\n\n\n<p>\u00bfRecuerdas esas fotos antiguas donde tus ojos se ve\u00edan vivos y radiantes? Puedes volver a tener esa mirada confiada. <strong>Si cada ma\u00f1ana tus p\u00e1rpados ca\u00eddos te pesan m\u00e1s que el sue\u00f1o mismo, es hora de considerar un cambio.<\/strong> An\u00edmate a consultar con el Dr. Dario Felipe Cabello sobre la blefaroplastia. Con su acompa\u00f1amiento profesional y c\u00e1lido, descubrir\u00e1s c\u00f3mo un sencillo procedimiento puede hacer una gran diferencia en tu apariencia y en tu seguridad al mirarte al espejo. \u00a1Desp\u00eddete de los p\u00e1rpados ca\u00eddos y saluda a una versi\u00f3n m\u00e1s joven de tu mirada!<\/p>\n\n\n\n<p>Tambi\u00e9n puedes ver c\u00f3mo rejuvenecemos el rostro completo con <a href=\"https:\/\/dariofelipecabello.com\/es\/rejuvenecimiento-facial\/\">rejuvenecimiento facial sin cirug\u00eda<\/a>.<\/p>\n\n\n\n<p>\u00bfTe interesa mejorar m\u00e1s de una zona? Descubre nuestra <a href=\"https:\/\/dariofelipecabello.com\/es\/lifting-facial\/\">cirug\u00eda de lifting facial<\/a> con resultados naturales.<br><\/p>\n\n\n\n<p><\/p>","protected":false},"excerpt":{"rendered":"<p>La blefaroplastia es una soluci\u00f3n eficaz para rejuvenecer tu mirada y eliminar p\u00e1rpados ca\u00eddos o bolsas bajo los ojos, problemas comunes con el paso de los a\u00f1os. La mirada es el reflejo de nuestras emociones y, lamentablemente, uno de los primeros lugares donde se notan los signos de la edad. \u00bfTe han dicho que luces [&hellip;]<\/p>","protected":false},"author":1,"featured_media":2236,"comment_status":"open","ping_status":"open","sticky":false,"template":"","format":"standard","meta":{"_ppp_document_settings_meta":"","_jetpack_memberships_contains_paid_content":false,"footnotes":"[]"},"categories":[1],"tags":[],"class_list":["post-2241","post","type-post","status-publish","format-standard","has-post-thumbnail","hentry","category-blog"],"yoast_head":"<!-- This site is optimized with the Yoast SEO plugin v22.8 - https:\/\/yoast.com\/wordpress\/plugins\/seo\/ -->\n<title>Blefaroplastia \u2013 Cirug\u00eda de P\u00e1rpados con el Dr. Dario Felipe Cabello - Dario Felipe Cabello<\/title>\n<meta name=\"description\" content=\"Descubre el rejuvenecimiento facial sin cirug\u00eda con el Dr. Cabello. Resultados naturales, r\u00e1pidos y sin bistur\u00ed. Agenda tu valoraci\u00f3n hoy.\" \/>\n<meta name=\"robots\" content=\"index, follow, max-snippet:-1, max-image-preview:large, max-video-preview:-1\" \/>\n<link rel=\"canonical\" href=\"https:\/\/dariofelipecabello.com\/en\/blefaroplastia-cirugia-de-parpados-con-el-dr-dario-cabello-2\/\" \/>\n<meta property=\"og:locale\" content=\"en_US\" \/>\n<meta property=\"og:type\" content=\"article\" \/>\n<meta property=\"og:title\" content=\"Blefaroplastia \u2013 Cirug\u00eda de P\u00e1rpados con el Dr. Dario Felipe Cabello - Dario Felipe Cabello\" \/>\n<meta property=\"og:description\" content=\"Descubre el rejuvenecimiento facial sin cirug\u00eda con el Dr. Cabello. Resultados naturales, r\u00e1pidos y sin bistur\u00ed. Agenda tu valoraci\u00f3n hoy.\" \/>\n<meta property=\"og:url\" content=\"https:\/\/dariofelipecabello.com\/en\/blefaroplastia-cirugia-de-parpados-con-el-dr-dario-cabello-2\/\" \/>\n<meta property=\"og:site_name\" content=\"Dario Felipe Cabello\" \/>\n<meta property=\"article:published_time\" content=\"2025-05-14T20:19:59+00:00\" \/>\n<meta property=\"article:modified_time\" content=\"2025-05-14T20:20:02+00:00\" \/>\n<meta property=\"og:image\" content=\"https:\/\/dariofelipecabello.com\/wp-content\/uploads\/2025\/05\/IMG_2607.jpg\" \/>\n\t<meta property=\"og:image:width\" content=\"2234\" \/>\n\t<meta property=\"og:image:height\" content=\"1536\" \/>\n\t<meta property=\"og:image:type\" content=\"image\/jpeg\" \/>\n<meta name=\"author\" content=\"dariofelipecabello.com\" \/>\n<meta name=\"twitter:card\" content=\"summary_large_image\" \/>\n<meta name=\"twitter:label1\" content=\"Written by\" \/>\n\t<meta name=\"twitter:data1\" content=\"dariofelipecabello.com\" \/>\n\t<meta name=\"twitter:label2\" content=\"Est. reading time\" \/>\n\t<meta name=\"twitter:data2\" content=\"5 minutes\" \/>\n<script type=\"application\/ld+json\" class=\"yoast-schema-graph\">{\"@context\":\"https:\/\/schema.org\",\"@graph\":[{\"@type\":\"Article\",\"@id\":\"https:\/\/dariofelipecabello.com\/blefaroplastia-cirugia-de-parpados-con-el-dr-dario-cabello-2\/#article\",\"isPartOf\":{\"@id\":\"https:\/\/dariofelipecabello.com\/blefaroplastia-cirugia-de-parpados-con-el-dr-dario-cabello-2\/\"},\"author\":{\"name\":\"dariofelipecabello.com\",\"@id\":\"https:\/\/dariofelipecabello.com\/es\/#\/schema\/person\/3fdc12cd889f4bf5a7817f39c5ec14df\"},\"headline\":\"Blefaroplastia \u2013 Cirug\u00eda de P\u00e1rpados con el Dr. Dario Felipe Cabello\",\"datePublished\":\"2025-05-14T20:19:59+00:00\",\"dateModified\":\"2025-05-14T20:20:02+00:00\",\"mainEntityOfPage\":{\"@id\":\"https:\/\/dariofelipecabello.com\/blefaroplastia-cirugia-de-parpados-con-el-dr-dario-cabello-2\/\"},\"wordCount\":845,\"commentCount\":0,\"publisher\":{\"@id\":\"https:\/\/dariofelipecabello.com\/es\/#organization\"},\"image\":{\"@id\":\"https:\/\/dariofelipecabello.com\/blefaroplastia-cirugia-de-parpados-con-el-dr-dario-cabello-2\/#primaryimage\"},\"thumbnailUrl\":\"https:\/\/dariofelipecabello.com\/wp-content\/uploads\/2025\/05\/IMG_2607.jpg\",\"articleSection\":[\"Blog\"],\"inLanguage\":\"en-US\",\"potentialAction\":[{\"@type\":\"CommentAction\",\"name\":\"Comment\",\"target\":[\"https:\/\/dariofelipecabello.com\/blefaroplastia-cirugia-de-parpados-con-el-dr-dario-cabello-2\/#respond\"]}]},{\"@type\":\"WebPage\",\"@id\":\"https:\/\/dariofelipecabello.com\/blefaroplastia-cirugia-de-parpados-con-el-dr-dario-cabello-2\/\",\"url\":\"https:\/\/dariofelipecabello.com\/blefaroplastia-cirugia-de-parpados-con-el-dr-dario-cabello-2\/\",\"name\":\"Blefaroplastia \u2013 Cirug\u00eda de P\u00e1rpados con el Dr. Dario Felipe Cabello - Dario Felipe Cabello\",\"isPartOf\":{\"@id\":\"https:\/\/dariofelipecabello.com\/es\/#website\"},\"primaryImageOfPage\":{\"@id\":\"https:\/\/dariofelipecabello.com\/blefaroplastia-cirugia-de-parpados-con-el-dr-dario-cabello-2\/#primaryimage\"},\"image\":{\"@id\":\"https:\/\/dariofelipecabello.com\/blefaroplastia-cirugia-de-parpados-con-el-dr-dario-cabello-2\/#primaryimage\"},\"thumbnailUrl\":\"https:\/\/dariofelipecabello.com\/wp-content\/uploads\/2025\/05\/IMG_2607.jpg\",\"datePublished\":\"2025-05-14T20:19:59+00:00\",\"dateModified\":\"2025-05-14T20:20:02+00:00\",\"description\":\"Descubre el rejuvenecimiento facial sin cirug\u00eda con el Dr. Cabello. Resultados naturales, r\u00e1pidos y sin bistur\u00ed. Agenda tu valoraci\u00f3n hoy.\",\"breadcrumb\":{\"@id\":\"https:\/\/dariofelipecabello.com\/blefaroplastia-cirugia-de-parpados-con-el-dr-dario-cabello-2\/#breadcrumb\"},\"inLanguage\":\"en-US\",\"potentialAction\":[{\"@type\":\"ReadAction\",\"target\":[\"https:\/\/dariofelipecabello.com\/blefaroplastia-cirugia-de-parpados-con-el-dr-dario-cabello-2\/\"]}]},{\"@type\":\"ImageObject\",\"inLanguage\":\"en-US\",\"@id\":\"https:\/\/dariofelipecabello.com\/blefaroplastia-cirugia-de-parpados-con-el-dr-dario-cabello-2\/#primaryimage\",\"url\":\"https:\/\/dariofelipecabello.com\/wp-content\/uploads\/2025\/05\/IMG_2607.jpg\",\"contentUrl\":\"https:\/\/dariofelipecabello.com\/wp-content\/uploads\/2025\/05\/IMG_2607.jpg\",\"width\":2234,\"height\":1536},{\"@type\":\"BreadcrumbList\",\"@id\":\"https:\/\/dariofelipecabello.com\/blefaroplastia-cirugia-de-parpados-con-el-dr-dario-cabello-2\/#breadcrumb\",\"itemListElement\":[{\"@type\":\"ListItem\",\"position\":1,\"name\":\"Portada\",\"item\":\"https:\/\/dariofelipecabello.com\/\"},{\"@type\":\"ListItem\",\"position\":2,\"name\":\"Blefaroplastia \u2013 Cirug\u00eda de P\u00e1rpados con el Dr. Dario Felipe Cabello\"}]},{\"@type\":\"WebSite\",\"@id\":\"https:\/\/dariofelipecabello.com\/es\/#website\",\"url\":\"https:\/\/dariofelipecabello.com\/es\/\",\"name\":\"Dario Felipe Cabello\",\"description\":\"Keep it Natural\",\"publisher\":{\"@id\":\"https:\/\/dariofelipecabello.com\/es\/#organization\"},\"potentialAction\":[{\"@type\":\"SearchAction\",\"target\":{\"@type\":\"EntryPoint\",\"urlTemplate\":\"https:\/\/dariofelipecabello.com\/es\/?s={search_term_string}\"},\"query-input\":\"required name=search_term_string\"}],\"inLanguage\":\"en-US\"},{\"@type\":\"Organization\",\"@id\":\"https:\/\/dariofelipecabello.com\/es\/#organization\",\"name\":\"Dario Felipe Cabello\",\"url\":\"https:\/\/dariofelipecabello.com\/es\/\",\"logo\":{\"@type\":\"ImageObject\",\"inLanguage\":\"en-US\",\"@id\":\"https:\/\/dariofelipecabello.com\/es\/#\/schema\/logo\/image\/\",\"url\":\"https:\/\/dariofelipecabello.com\/wp-content\/uploads\/2024\/03\/Logo-DFC-Color.png\",\"contentUrl\":\"https:\/\/dariofelipecabello.com\/wp-content\/uploads\/2024\/03\/Logo-DFC-Color.png\",\"width\":997,\"height\":412,\"caption\":\"Dario Felipe Cabello\"},\"image\":{\"@id\":\"https:\/\/dariofelipecabello.com\/es\/#\/schema\/logo\/image\/\"},\"sameAs\":[\"https:\/\/www.instagram.com\/dariofcabello\",\"https:\/\/www.instagram.com\/plasticabello\"]},{\"@type\":\"Person\",\"@id\":\"https:\/\/dariofelipecabello.com\/es\/#\/schema\/person\/3fdc12cd889f4bf5a7817f39c5ec14df\",\"name\":\"dariofelipecabello.com\",\"image\":{\"@type\":\"ImageObject\",\"inLanguage\":\"en-US\",\"@id\":\"https:\/\/dariofelipecabello.com\/es\/#\/schema\/person\/image\/\",\"url\":\"https:\/\/secure.gravatar.com\/avatar\/e2c64b2dfbc74084f6e3242b509db17c?s=96&d=mm&r=g\",\"contentUrl\":\"https:\/\/secure.gravatar.com\/avatar\/e2c64b2dfbc74084f6e3242b509db17c?s=96&d=mm&r=g\",\"caption\":\"dariofelipecabello.com\"},\"sameAs\":[\"http:\/\/dariofelipecabello.com\"],\"url\":\"https:\/\/dariofelipecabello.com\/en\/author\/dariofelipecabello-com\/\"}]}<\/script>\n<!-- \/ Yoast SEO plugin. -->","yoast_head_json":{"title":"Blefaroplastia \u2013 Cirug\u00eda de P\u00e1rpados con el Dr. Dario Felipe Cabello - Dario Felipe Cabello","description":"Descubre el rejuvenecimiento facial sin cirug\u00eda con el Dr. Cabello. Resultados naturales, r\u00e1pidos y sin bistur\u00ed. Agenda tu valoraci\u00f3n hoy.","robots":{"index":"index","follow":"follow","max-snippet":"max-snippet:-1","max-image-preview":"max-image-preview:large","max-video-preview":"max-video-preview:-1"},"canonical":"https:\/\/dariofelipecabello.com\/en\/blefaroplastia-cirugia-de-parpados-con-el-dr-dario-cabello-2\/","og_locale":"en_US","og_type":"article","og_title":"Blefaroplastia \u2013 Cirug\u00eda de P\u00e1rpados con el Dr. Dario Felipe Cabello - Dario Felipe Cabello","og_description":"Descubre el rejuvenecimiento facial sin cirug\u00eda con el Dr. Cabello. Resultados naturales, r\u00e1pidos y sin bistur\u00ed. Agenda tu valoraci\u00f3n hoy.","og_url":"https:\/\/dariofelipecabello.com\/en\/blefaroplastia-cirugia-de-parpados-con-el-dr-dario-cabello-2\/","og_site_name":"Dario Felipe Cabello","article_published_time":"2025-05-14T20:19:59+00:00","article_modified_time":"2025-05-14T20:20:02+00:00","og_image":[{"width":2234,"height":1536,"url":"https:\/\/dariofelipecabello.com\/wp-content\/uploads\/2025\/05\/IMG_2607.jpg","type":"image\/jpeg"}],"author":"dariofelipecabello.com","twitter_card":"summary_large_image","twitter_misc":{"Written by":"dariofelipecabello.com","Est. reading time":"5 minutes"},"schema":{"@context":"https:\/\/schema.org","@graph":[{"@type":"Article","@id":"https:\/\/dariofelipecabello.com\/blefaroplastia-cirugia-de-parpados-con-el-dr-dario-cabello-2\/#article","isPartOf":{"@id":"https:\/\/dariofelipecabello.com\/blefaroplastia-cirugia-de-parpados-con-el-dr-dario-cabello-2\/"},"author":{"name":"dariofelipecabello.com","@id":"https:\/\/dariofelipecabello.com\/es\/#\/schema\/person\/3fdc12cd889f4bf5a7817f39c5ec14df"},"headline":"Blefaroplastia \u2013 Cirug\u00eda de P\u00e1rpados con el Dr. Dario Felipe Cabello","datePublished":"2025-05-14T20:19:59+00:00","dateModified":"2025-05-14T20:20:02+00:00","mainEntityOfPage":{"@id":"https:\/\/dariofelipecabello.com\/blefaroplastia-cirugia-de-parpados-con-el-dr-dario-cabello-2\/"},"wordCount":845,"commentCount":0,"publisher":{"@id":"https:\/\/dariofelipecabello.com\/es\/#organization"},"image":{"@id":"https:\/\/dariofelipecabello.com\/blefaroplastia-cirugia-de-parpados-con-el-dr-dario-cabello-2\/#primaryimage"},"thumbnailUrl":"https:\/\/dariofelipecabello.com\/wp-content\/uploads\/2025\/05\/IMG_2607.jpg","articleSection":["Blog"],"inLanguage":"en-US","potentialAction":[{"@type":"CommentAction","name":"Comment","target":["https:\/\/dariofelipecabello.com\/blefaroplastia-cirugia-de-parpados-con-el-dr-dario-cabello-2\/#respond"]}]},{"@type":"WebPage","@id":"https:\/\/dariofelipecabello.com\/blefaroplastia-cirugia-de-parpados-con-el-dr-dario-cabello-2\/","url":"https:\/\/dariofelipecabello.com\/blefaroplastia-cirugia-de-parpados-con-el-dr-dario-cabello-2\/","name":"Blefaroplastia \u2013 Cirug\u00eda de P\u00e1rpados con el Dr. Dario Felipe Cabello - Dario Felipe Cabello","isPartOf":{"@id":"https:\/\/dariofelipecabello.com\/es\/#website"},"primaryImageOfPage":{"@id":"https:\/\/dariofelipecabello.com\/blefaroplastia-cirugia-de-parpados-con-el-dr-dario-cabello-2\/#primaryimage"},"image":{"@id":"https:\/\/dariofelipecabello.com\/blefaroplastia-cirugia-de-parpados-con-el-dr-dario-cabello-2\/#primaryimage"},"thumbnailUrl":"https:\/\/dariofelipecabello.com\/wp-content\/uploads\/2025\/05\/IMG_2607.jpg","datePublished":"2025-05-14T20:19:59+00:00","dateModified":"2025-05-14T20:20:02+00:00","description":"Descubre el rejuvenecimiento facial sin cirug\u00eda con el Dr. Cabello. Resultados naturales, r\u00e1pidos y sin bistur\u00ed. Agenda tu valoraci\u00f3n hoy.","breadcrumb":{"@id":"https:\/\/dariofelipecabello.com\/blefaroplastia-cirugia-de-parpados-con-el-dr-dario-cabello-2\/#breadcrumb"},"inLanguage":"en-US","potentialAction":[{"@type":"ReadAction","target":["https:\/\/dariofelipecabello.com\/blefaroplastia-cirugia-de-parpados-con-el-dr-dario-cabello-2\/"]}]},{"@type":"ImageObject","inLanguage":"en-US","@id":"https:\/\/dariofelipecabello.com\/blefaroplastia-cirugia-de-parpados-con-el-dr-dario-cabello-2\/#primaryimage","url":"https:\/\/dariofelipecabello.com\/wp-content\/uploads\/2025\/05\/IMG_2607.jpg","contentUrl":"https:\/\/dariofelipecabello.com\/wp-content\/uploads\/2025\/05\/IMG_2607.jpg","width":2234,"height":1536},{"@type":"BreadcrumbList","@id":"https:\/\/dariofelipecabello.com\/blefaroplastia-cirugia-de-parpados-con-el-dr-dario-cabello-2\/#breadcrumb","itemListElement":[{"@type":"ListItem","position":1,"name":"Portada","item":"https:\/\/dariofelipecabello.com\/"},{"@type":"ListItem","position":2,"name":"Blefaroplastia \u2013 Cirug\u00eda de P\u00e1rpados con el Dr. Dario Felipe Cabello"}]},{"@type":"WebSite","@id":"https:\/\/dariofelipecabello.com\/es\/#website","url":"https:\/\/dariofelipecabello.com\/es\/","name":"Dario Felipe Cabello","description":"Keep it Natural","publisher":{"@id":"https:\/\/dariofelipecabello.com\/es\/#organization"},"potentialAction":[{"@type":"SearchAction","target":{"@type":"EntryPoint","urlTemplate":"https:\/\/dariofelipecabello.com\/es\/?s={search_term_string}"},"query-input":"required name=search_term_string"}],"inLanguage":"en-US"},{"@type":"Organization","@id":"https:\/\/dariofelipecabello.com\/es\/#organization","name":"Dario Felipe Cabello","url":"https:\/\/dariofelipecabello.com\/es\/","logo":{"@type":"ImageObject","inLanguage":"en-US","@id":"https:\/\/dariofelipecabello.com\/es\/#\/schema\/logo\/image\/","url":"https:\/\/dariofelipecabello.com\/wp-content\/uploads\/2024\/03\/Logo-DFC-Color.png","contentUrl":"https:\/\/dariofelipecabello.com\/wp-content\/uploads\/2024\/03\/Logo-DFC-Color.png","width":997,"height":412,"caption":"Dario Felipe Cabello"},"image":{"@id":"https:\/\/dariofelipecabello.com\/es\/#\/schema\/logo\/image\/"},"sameAs":["https:\/\/www.instagram.com\/dariofcabello","https:\/\/www.instagram.com\/plasticabello"]},{"@type":"Person","@id":"https:\/\/dariofelipecabello.com\/es\/#\/schema\/person\/3fdc12cd889f4bf5a7817f39c5ec14df","name":"dariofelipecabello.com","image":{"@type":"ImageObject","inLanguage":"en-US","@id":"https:\/\/dariofelipecabello.com\/es\/#\/schema\/person\/image\/","url":"https:\/\/secure.gravatar.com\/avatar\/e2c64b2dfbc74084f6e3242b509db17c?s=96&d=mm&r=g","contentUrl":"https:\/\/secure.gravatar.com\/avatar\/e2c64b2dfbc74084f6e3242b509db17c?s=96&d=mm&r=g","caption":"dariofelipecabello.com"},"sameAs":["http:\/\/dariofelipecabello.com"],"url":"https:\/\/dariofelipecabello.com\/en\/author\/dariofelipecabello-com\/"}]}},"jetpack_sharing_enabled":true,"jetpack_featured_media_url":"https:\/\/dariofelipecabello.com\/wp-content\/uploads\/2025\/05\/IMG_2607.jpg","_links":{"self":[{"href":"https:\/\/dariofelipecabello.com\/en\/wp-json\/wp\/v2\/posts\/2241","targetHints":{"allow":["GET"]}}],"collection":[{"href":"https:\/\/dariofelipecabello.com\/en\/wp-json\/wp\/v2\/posts"}],"about":[{"href":"https:\/\/dariofelipecabello.com\/en\/wp-json\/wp\/v2\/types\/post"}],"author":[{"embeddable":true,"href":"https:\/\/dariofelipecabello.com\/en\/wp-json\/wp\/v2\/users\/1"}],"replies":[{"embeddable":true,"href":"https:\/\/dariofelipecabello.com\/en\/wp-json\/wp\/v2\/comments?post=2241"}],"version-history":[{"count":1,"href":"https:\/\/dariofelipecabello.com\/en\/wp-json\/wp\/v2\/posts\/2241\/revisions"}],"predecessor-version":[{"id":2246,"href":"https:\/\/dariofelipecabello.com\/en\/wp-json\/wp\/v2\/posts\/2241\/revisions\/2246"}],"wp:featuredmedia":[{"embeddable":true,"href":"https:\/\/dariofelipecabello.com\/en\/wp-json\/wp\/v2\/media\/2236"}],"wp:attachment":[{"href":"https:\/\/dariofelipecabello.com\/en\/wp-json\/wp\/v2\/media?parent=2241"}],"wp:term":[{"taxonomy":"category","embeddable":true,"href":"https:\/\/dariofelipecabello.com\/en\/wp-json\/wp\/v2\/categories?post=2241"},{"taxonomy":"post_tag","embeddable":true,"href":"https:\/\/dariofelipecabello.com\/en\/wp-json\/wp\/v2\/tags?post=2241"}],"curies":[{"name":"wp","href":"https:\/\/api.w.org\/{rel}","templated":true}]}}