{"id":2428,"date":"2025-10-30T16:19:27","date_gmt":"2025-10-30T21:19:27","guid":{"rendered":"https:\/\/dariofelipecabello.com\/?p=2428"},"modified":"2025-10-30T17:26:50","modified_gmt":"2025-10-30T22:26:50","slug":"hybrid-facelift-testimonio-internacional","status":"publish","type":"post","link":"https:\/\/dariofelipecabello.com\/en\/hybrid-facelift-testimonio-internacional\/","title":{"rendered":"Hybrid Facelift: la experiencia real de una paciente internacional"},"content":{"rendered":"<p>Cuando Rosario lleg\u00f3 a la consulta en Barranquilla procedente de Nueva York, no solo buscaba un cambio est\u00e9tico: quer\u00eda recuperar una expresi\u00f3n \u201cyo misma\u201d frente al espejo. El Dr. Dar\u00edo Felipe Cabello escuch\u00f3 sus inquietudes, sus gestos y la forma de su rostro para plantear un plan a medida: un Hybrid Facelift que respetar\u00eda su identidad, estructura \u00f3sea y estilo de vida internacional.<\/p>\n\n\n\n<figure class=\"wp-block-image size-large is-resized\"><img fetchpriority=\"high\" decoding=\"async\" width=\"819\" height=\"1024\" src=\"https:\/\/dariofelipecabello.com\/wp-content\/uploads\/2025\/10\/DR-DARIO-3-819x1024.png\" alt=\"\" class=\"wp-image-2430\" style=\"width:840px;height:auto\" srcset=\"https:\/\/dariofelipecabello.com\/wp-content\/uploads\/2025\/10\/DR-DARIO-3-819x1024.png 819w, https:\/\/dariofelipecabello.com\/wp-content\/uploads\/2025\/10\/DR-DARIO-3-240x300.png 240w, https:\/\/dariofelipecabello.com\/wp-content\/uploads\/2025\/10\/DR-DARIO-3-768x960.png 768w, https:\/\/dariofelipecabello.com\/wp-content\/uploads\/2025\/10\/DR-DARIO-3-10x12.png 10w, https:\/\/dariofelipecabello.com\/wp-content\/uploads\/2025\/10\/DR-DARIO-3-600x750.png 600w, https:\/\/dariofelipecabello.com\/wp-content\/uploads\/2025\/10\/DR-DARIO-3.png 1080w\" sizes=\"(max-width: 819px) 100vw, 819px\" \/><\/figure>\n\n\n\n<h4 class=\"wp-block-heading\">Diagn\u00f3stico personalizado y plan quir\u00fargico<\/h4>\n\n\n\n<p>En la consulta evaluamos:<br>\u2022 La calidad de la piel y el nivel de flacidez.<br>\u2022 El \u00f3valo facial, cuello, mejillas y expresi\u00f3n habitual.<br>\u2022 Su tiempo de recuperaci\u00f3n disponible en Estados Unidos tras viajar.<br>Elegimos un Hybrid Facelift que combin\u00f3 t\u00e9cnica profunda + tratamiento de superficie para lograr firmeza sin perder naturalidad.<\/p>\n\n\n\n<h4 class=\"wp-block-heading\">D\u00eda de cirug\u00eda y primeras sensaciones<\/h4>\n\n\n\n<p>La intervenci\u00f3n transcurri\u00f3 conforme al plan: incisi\u00f3n en sitio estrat\u00e9gico, reposicionamiento de tejidos, suturas finas y protocolos de confort post-operatorio. En las primeras 24 horas, Mar\u00eda not\u00f3 menos dolor de lo esperado, gracias al acompa\u00f1amiento m\u00e9dico y los recursos de soporte que implementamos.<\/p>\n\n\n\n<h4 class=\"wp-block-heading\">Recuperaci\u00f3n: cronolog\u00eda real y vivida<\/h4>\n\n\n\n<p>Semana 1<\/p>\n\n\n\n<p>Inflamaci\u00f3n moderada, moretones leves. Se activaron sesiones de INDIBA y Ozonoterapia para acelerar la cicatrizaci\u00f3n.<\/p>\n\n\n\n<p>Semanas 2-4<\/p>\n\n\n\n<p>Rosario regres\u00f3 a Nueva York pero con controles virtuales. Empez\u00f3 a ver su rostro menos hinchado, el contorno m\u00e1s definido.<\/p>\n\n\n\n<p>Meses 3-6<\/p>\n\n\n\n<p>El resultado fue visible: rostro descansado, cuello firme, cicatriz casi imperceptible y expresi\u00f3n natural. Mar\u00eda coment\u00f3:<\/p>\n\n\n\n<p>\u201cNo quer\u00eda parecer otra persona\u2026 solo quer\u00eda volver a verme como me siento.\u201d<\/p>\n\n\n\n<figure class=\"wp-block-image size-large is-resized\"><img decoding=\"async\" width=\"819\" height=\"1024\" src=\"https:\/\/dariofelipecabello.com\/wp-content\/uploads\/2025\/10\/DR-DARIO-2-819x1024.png\" alt=\"\" class=\"wp-image-2429\" style=\"width:840px;height:auto\" srcset=\"https:\/\/dariofelipecabello.com\/wp-content\/uploads\/2025\/10\/DR-DARIO-2-819x1024.png 819w, https:\/\/dariofelipecabello.com\/wp-content\/uploads\/2025\/10\/DR-DARIO-2-240x300.png 240w, https:\/\/dariofelipecabello.com\/wp-content\/uploads\/2025\/10\/DR-DARIO-2-768x960.png 768w, https:\/\/dariofelipecabello.com\/wp-content\/uploads\/2025\/10\/DR-DARIO-2-10x12.png 10w, https:\/\/dariofelipecabello.com\/wp-content\/uploads\/2025\/10\/DR-DARIO-2-600x750.png 600w, https:\/\/dariofelipecabello.com\/wp-content\/uploads\/2025\/10\/DR-DARIO-2.png 1080w\" sizes=\"(max-width: 819px) 100vw, 819px\" \/><\/figure>\n\n\n\n<h4 class=\"wp-block-heading\">Lecciones clave que todo paciente debe conocer<\/h4>\n\n\n\n<p>\u2022 El viaje importa: elegir un cirujano que atienda pacientes internacionales y gestione log\u00edstica es fundamental.<br>\u2022 Extensi\u00f3n del plan: el Hybrid Facelift no termina en el quir\u00f3fano \u2014la recuperaci\u00f3n es parte del tratamiento.<br>\u2022 Tecnolog\u00eda de soporte: INDIBA una radiofrecuencia m\u00e9dica avanzada.<br>\u2022 La ozonoterapia, un tratamiento m\u00e9dico regenerativo, marcaron la diferencia al reducir la inflamaci\u00f3n, mejorar la oxigenaci\u00f3n y favorecer una textura cut\u00e1nea m\u00e1s natural en el resultado&nbsp;final.<br>\u2022 Expectativas realistas: el resultado aparece de forma progresiva, no inmediata.<br>\u2022 Acompa\u00f1amiento constante: comunicaci\u00f3n post-op v\u00eda telemedicina permiti\u00f3 ajustes personalizados incluso&nbsp;a&nbsp;distancia.<\/p>\n\n\n\n<h4 class=\"wp-block-heading\">\u00bfPor qu\u00e9 el enfoque del Dr. Dar\u00edo Felipe Cabello hace la diferencia?<\/h4>\n\n\n\n<p>La diferencia no est\u00e1 solo en la t\u00e9cnica, sino en qui\u00e9n la domina.<br>El Dr. Dar\u00edo Felipe Cabello ha dedicado m\u00e1s de 15 a\u00f1os de pr\u00e1ctica y formaci\u00f3n continua a perfeccionar su enfoque en cirug\u00eda facial, especializ\u00e1ndose en lifting avanzado y rejuvenecimiento estructural.<\/p>\n\n\n\n<p>Durante este tiempo, ha estudiado la evoluci\u00f3n de los procedimientos m\u00e1s reconocidos a nivel internacional \u2014incluyendo la t\u00e9cnica Deep Plane, la integraci\u00f3n de tratamientos regenerativos y la aplicaci\u00f3n de tecnolog\u00eda m\u00e9dica complementaria\u2014 para crear su propia versi\u00f3n: el Hybrid Facelift, un m\u00e9todo que combina precisi\u00f3n quir\u00fargica, comprensi\u00f3n anat\u00f3mica y cuidado humano.<\/p>\n\n\n\n<p>Su visi\u00f3n parte de una premisa clara: cada rostro tiene una historia \u00fanica, y debe tratarse con respeto, equilibrio y detalle.<br>Por eso, en cada cirug\u00eda, el Dr. Cabello analiza no solo la piel y los tejidos, sino tambi\u00e9n la forma en que cada paciente se expresa, sonr\u00ede y envejece naturalmente. De este modo logra resultados que no transforman la identidad, sino que devuelven la armon\u00eda y frescura original del rostro.<\/p>\n\n\n\n<p>Adem\u00e1s, su enfoque integral incluye protocolos exclusivos de recuperaci\u00f3n con tecnolog\u00edas como INDIBA y ozonoterapia m\u00e9dica, dise\u00f1ados para reducir la inflamaci\u00f3n, acelerar la cicatrizaci\u00f3n y mantener la naturalidad a largo plazo.<\/p>\n\n\n\n<p>En palabras del propio Dr. Dar\u00edo Felipe Cabello:<\/p>\n\n\n\n<p>\u201cNo se trata de cambiarte el rostro, sino de recuperar la versi\u00f3n m\u00e1s aut\u00e9ntica de ti.<br>Un buen lifting no se nota;&nbsp;se&nbsp;siente.\u201d<\/p>\n\n\n\n<h4 class=\"wp-block-heading\">\u00bfEst\u00e1s listo para tu historia de transformaci\u00f3n?<\/h4>\n\n\n\n<p>Si sientes que tu rostro ya no refleja qui\u00e9n eres, el Hybrid Facelift puede ser el camino. Agenda tu valoraci\u00f3n con el Dr. Cabello, cu\u00e9ntanos tu historia, y dise\u00f1amos juntos el plan que te devuelva naturalidad, confianza y una expresi\u00f3n que diga \u201cesto soy yo\u201d.<\/p>\n\n\n\n<p><br>\ud83d\udc49 <strong>Enlaces internos sugeridos:<\/strong><\/p>\n\n\n\n<p><a href=\"https:\/\/dariofelipecabello.com\/es\/hybrid-facelift-technique\/\">Hybrid Facelift Technique: el lifting facial personalizado que adapta a ti<\/a><\/p>\n\n\n\n<p><a href=\"https:\/\/dariofelipecabello.com\/es\/hybrid-facelift-technique\/\">Cuidados antes y despu\u00e9s de una cirug\u00eda facial<\/a><\/p>\n\n\n\n<p><a href=\"https:\/\/dariofelipecabello.com\/es\/ozonoterapia\/\">Ozonoterapia: la aliada perfecta en tu recuperaci\u00f3n postquir\u00fargica<\/a><\/p>\n\n\n\n<p><a href=\"https:\/\/dariofelipecabello.com\/es\/indiba\">Indiba: tecnolog\u00eda regenerativa para una piel firme y saludable<\/a><\/p>\n\n\n\n<p><\/p>\n\n\n\n<p><\/p>\n\n\n\n<p><\/p>","protected":false},"excerpt":{"rendered":"<p>Cuando Rosario lleg\u00f3 a la consulta en Barranquilla procedente de Nueva York, no solo buscaba un cambio est\u00e9tico: quer\u00eda recuperar una expresi\u00f3n \u201cyo misma\u201d frente al espejo. El Dr. Dar\u00edo Felipe Cabello escuch\u00f3 sus inquietudes, sus gestos y la forma de su rostro para plantear un plan a medida: un Hybrid Facelift que respetar\u00eda su [&hellip;]<\/p>","protected":false},"author":1,"featured_media":2429,"comment_status":"open","ping_status":"open","sticky":false,"template":"","format":"standard","meta":{"_ppp_document_settings_meta":"","_jetpack_memberships_contains_paid_content":false,"footnotes":"[]"},"categories":[1],"tags":[],"class_list":["post-2428","post","type-post","status-publish","format-standard","has-post-thumbnail","hentry","category-blog"],"yoast_head":"<!-- This site is optimized with the Yoast SEO plugin v22.8 - https:\/\/yoast.com\/wordpress\/plugins\/seo\/ -->\n<title>Hybrid Facelift: la experiencia real de una paciente internacional - Dario Felipe Cabello<\/title>\n<meta name=\"description\" content=\"Descubre c\u00f3mo el Dr. Dar\u00edo Cabello logra una recuperaci\u00f3n natural y segura tras un Hybrid Facelift, con tecnolog\u00eda avanzada y enfoque humano.\" \/>\n<meta name=\"robots\" content=\"index, follow, max-snippet:-1, max-image-preview:large, max-video-preview:-1\" \/>\n<link rel=\"canonical\" href=\"https:\/\/dariofelipecabello.com\/en\/hybrid-facelift-testimonio-internacional\/\" \/>\n<meta property=\"og:locale\" content=\"en_US\" \/>\n<meta property=\"og:type\" content=\"article\" \/>\n<meta property=\"og:title\" content=\"Hybrid Facelift: la experiencia real de una paciente internacional - Dario Felipe Cabello\" \/>\n<meta property=\"og:description\" content=\"Descubre c\u00f3mo el Dr. Dar\u00edo Cabello logra una recuperaci\u00f3n natural y segura tras un Hybrid Facelift, con tecnolog\u00eda avanzada y enfoque humano.\" \/>\n<meta property=\"og:url\" content=\"https:\/\/dariofelipecabello.com\/en\/hybrid-facelift-testimonio-internacional\/\" \/>\n<meta property=\"og:site_name\" content=\"Dario Felipe Cabello\" \/>\n<meta property=\"article:published_time\" content=\"2025-10-30T21:19:27+00:00\" \/>\n<meta property=\"article:modified_time\" content=\"2025-10-30T22:26:50+00:00\" \/>\n<meta property=\"og:image\" content=\"https:\/\/dariofelipecabello.com\/wp-content\/uploads\/2025\/10\/DR-DARIO-2-819x1024.png\" \/>\n\t<meta property=\"og:image:width\" content=\"819\" \/>\n\t<meta property=\"og:image:height\" content=\"1024\" \/>\n\t<meta property=\"og:image:type\" content=\"image\/png\" \/>\n<meta name=\"author\" content=\"dariofelipecabello.com\" \/>\n<meta name=\"twitter:card\" content=\"summary_large_image\" \/>\n<meta name=\"twitter:label1\" content=\"Written by\" \/>\n\t<meta name=\"twitter:data1\" content=\"dariofelipecabello.com\" \/>\n\t<meta name=\"twitter:label2\" content=\"Est. reading time\" \/>\n\t<meta name=\"twitter:data2\" content=\"4 minutes\" \/>\n<script type=\"application\/ld+json\" class=\"yoast-schema-graph\">{\"@context\":\"https:\/\/schema.org\",\"@graph\":[{\"@type\":\"Article\",\"@id\":\"https:\/\/dariofelipecabello.com\/hybrid-facelift-testimonio-internacional\/#article\",\"isPartOf\":{\"@id\":\"https:\/\/dariofelipecabello.com\/hybrid-facelift-testimonio-internacional\/\"},\"author\":{\"name\":\"dariofelipecabello.com\",\"@id\":\"https:\/\/dariofelipecabello.com\/es\/#\/schema\/person\/3fdc12cd889f4bf5a7817f39c5ec14df\"},\"headline\":\"Hybrid Facelift: la experiencia real de una paciente internacional\",\"datePublished\":\"2025-10-30T21:19:27+00:00\",\"dateModified\":\"2025-10-30T22:26:50+00:00\",\"mainEntityOfPage\":{\"@id\":\"https:\/\/dariofelipecabello.com\/hybrid-facelift-testimonio-internacional\/\"},\"wordCount\":771,\"commentCount\":0,\"publisher\":{\"@id\":\"https:\/\/dariofelipecabello.com\/es\/#organization\"},\"image\":{\"@id\":\"https:\/\/dariofelipecabello.com\/hybrid-facelift-testimonio-internacional\/#primaryimage\"},\"thumbnailUrl\":\"https:\/\/dariofelipecabello.com\/wp-content\/uploads\/2025\/10\/DR-DARIO-2.png\",\"articleSection\":[\"Blog\"],\"inLanguage\":\"en-US\",\"potentialAction\":[{\"@type\":\"CommentAction\",\"name\":\"Comment\",\"target\":[\"https:\/\/dariofelipecabello.com\/hybrid-facelift-testimonio-internacional\/#respond\"]}]},{\"@type\":\"WebPage\",\"@id\":\"https:\/\/dariofelipecabello.com\/hybrid-facelift-testimonio-internacional\/\",\"url\":\"https:\/\/dariofelipecabello.com\/hybrid-facelift-testimonio-internacional\/\",\"name\":\"Hybrid Facelift: la experiencia real de una paciente internacional - Dario Felipe Cabello\",\"isPartOf\":{\"@id\":\"https:\/\/dariofelipecabello.com\/es\/#website\"},\"primaryImageOfPage\":{\"@id\":\"https:\/\/dariofelipecabello.com\/hybrid-facelift-testimonio-internacional\/#primaryimage\"},\"image\":{\"@id\":\"https:\/\/dariofelipecabello.com\/hybrid-facelift-testimonio-internacional\/#primaryimage\"},\"thumbnailUrl\":\"https:\/\/dariofelipecabello.com\/wp-content\/uploads\/2025\/10\/DR-DARIO-2.png\",\"datePublished\":\"2025-10-30T21:19:27+00:00\",\"dateModified\":\"2025-10-30T22:26:50+00:00\",\"description\":\"Descubre c\u00f3mo el Dr. Dar\u00edo Cabello logra una recuperaci\u00f3n natural y segura tras un Hybrid Facelift, con tecnolog\u00eda avanzada y enfoque humano.\",\"breadcrumb\":{\"@id\":\"https:\/\/dariofelipecabello.com\/hybrid-facelift-testimonio-internacional\/#breadcrumb\"},\"inLanguage\":\"en-US\",\"potentialAction\":[{\"@type\":\"ReadAction\",\"target\":[\"https:\/\/dariofelipecabello.com\/hybrid-facelift-testimonio-internacional\/\"]}]},{\"@type\":\"ImageObject\",\"inLanguage\":\"en-US\",\"@id\":\"https:\/\/dariofelipecabello.com\/hybrid-facelift-testimonio-internacional\/#primaryimage\",\"url\":\"https:\/\/dariofelipecabello.com\/wp-content\/uploads\/2025\/10\/DR-DARIO-2.png\",\"contentUrl\":\"https:\/\/dariofelipecabello.com\/wp-content\/uploads\/2025\/10\/DR-DARIO-2.png\",\"width\":1080,\"height\":1350},{\"@type\":\"BreadcrumbList\",\"@id\":\"https:\/\/dariofelipecabello.com\/hybrid-facelift-testimonio-internacional\/#breadcrumb\",\"itemListElement\":[{\"@type\":\"ListItem\",\"position\":1,\"name\":\"Portada\",\"item\":\"https:\/\/dariofelipecabello.com\/\"},{\"@type\":\"ListItem\",\"position\":2,\"name\":\"Hybrid Facelift: la experiencia real de una paciente internacional\"}]},{\"@type\":\"WebSite\",\"@id\":\"https:\/\/dariofelipecabello.com\/es\/#website\",\"url\":\"https:\/\/dariofelipecabello.com\/es\/\",\"name\":\"Dario Felipe Cabello\",\"description\":\"Keep it Natural\",\"publisher\":{\"@id\":\"https:\/\/dariofelipecabello.com\/es\/#organization\"},\"potentialAction\":[{\"@type\":\"SearchAction\",\"target\":{\"@type\":\"EntryPoint\",\"urlTemplate\":\"https:\/\/dariofelipecabello.com\/es\/?s={search_term_string}\"},\"query-input\":\"required name=search_term_string\"}],\"inLanguage\":\"en-US\"},{\"@type\":\"Organization\",\"@id\":\"https:\/\/dariofelipecabello.com\/es\/#organization\",\"name\":\"Dario Felipe Cabello\",\"url\":\"https:\/\/dariofelipecabello.com\/es\/\",\"logo\":{\"@type\":\"ImageObject\",\"inLanguage\":\"en-US\",\"@id\":\"https:\/\/dariofelipecabello.com\/es\/#\/schema\/logo\/image\/\",\"url\":\"https:\/\/dariofelipecabello.com\/wp-content\/uploads\/2024\/03\/Logo-DFC-Color.png\",\"contentUrl\":\"https:\/\/dariofelipecabello.com\/wp-content\/uploads\/2024\/03\/Logo-DFC-Color.png\",\"width\":997,\"height\":412,\"caption\":\"Dario Felipe Cabello\"},\"image\":{\"@id\":\"https:\/\/dariofelipecabello.com\/es\/#\/schema\/logo\/image\/\"},\"sameAs\":[\"https:\/\/www.instagram.com\/dariofcabello\",\"https:\/\/www.instagram.com\/plasticabello\"]},{\"@type\":\"Person\",\"@id\":\"https:\/\/dariofelipecabello.com\/es\/#\/schema\/person\/3fdc12cd889f4bf5a7817f39c5ec14df\",\"name\":\"dariofelipecabello.com\",\"image\":{\"@type\":\"ImageObject\",\"inLanguage\":\"en-US\",\"@id\":\"https:\/\/dariofelipecabello.com\/es\/#\/schema\/person\/image\/\",\"url\":\"https:\/\/secure.gravatar.com\/avatar\/e2c64b2dfbc74084f6e3242b509db17c?s=96&d=mm&r=g\",\"contentUrl\":\"https:\/\/secure.gravatar.com\/avatar\/e2c64b2dfbc74084f6e3242b509db17c?s=96&d=mm&r=g\",\"caption\":\"dariofelipecabello.com\"},\"sameAs\":[\"http:\/\/dariofelipecabello.com\"],\"url\":\"https:\/\/dariofelipecabello.com\/en\/author\/dariofelipecabello-com\/\"}]}<\/script>\n<!-- \/ Yoast SEO plugin. -->","yoast_head_json":{"title":"Hybrid Facelift: la experiencia real de una paciente internacional - Dario Felipe Cabello","description":"Descubre c\u00f3mo el Dr. Dar\u00edo Cabello logra una recuperaci\u00f3n natural y segura tras un Hybrid Facelift, con tecnolog\u00eda avanzada y enfoque humano.","robots":{"index":"index","follow":"follow","max-snippet":"max-snippet:-1","max-image-preview":"max-image-preview:large","max-video-preview":"max-video-preview:-1"},"canonical":"https:\/\/dariofelipecabello.com\/en\/hybrid-facelift-testimonio-internacional\/","og_locale":"en_US","og_type":"article","og_title":"Hybrid Facelift: la experiencia real de una paciente internacional - Dario Felipe Cabello","og_description":"Descubre c\u00f3mo el Dr. Dar\u00edo Cabello logra una recuperaci\u00f3n natural y segura tras un Hybrid Facelift, con tecnolog\u00eda avanzada y enfoque humano.","og_url":"https:\/\/dariofelipecabello.com\/en\/hybrid-facelift-testimonio-internacional\/","og_site_name":"Dario Felipe Cabello","article_published_time":"2025-10-30T21:19:27+00:00","article_modified_time":"2025-10-30T22:26:50+00:00","og_image":[{"width":819,"height":1024,"url":"https:\/\/dariofelipecabello.com\/wp-content\/uploads\/2025\/10\/DR-DARIO-2-819x1024.png","type":"image\/png"}],"author":"dariofelipecabello.com","twitter_card":"summary_large_image","twitter_misc":{"Written by":"dariofelipecabello.com","Est. reading time":"4 minutes"},"schema":{"@context":"https:\/\/schema.org","@graph":[{"@type":"Article","@id":"https:\/\/dariofelipecabello.com\/hybrid-facelift-testimonio-internacional\/#article","isPartOf":{"@id":"https:\/\/dariofelipecabello.com\/hybrid-facelift-testimonio-internacional\/"},"author":{"name":"dariofelipecabello.com","@id":"https:\/\/dariofelipecabello.com\/es\/#\/schema\/person\/3fdc12cd889f4bf5a7817f39c5ec14df"},"headline":"Hybrid Facelift: la experiencia real de una paciente internacional","datePublished":"2025-10-30T21:19:27+00:00","dateModified":"2025-10-30T22:26:50+00:00","mainEntityOfPage":{"@id":"https:\/\/dariofelipecabello.com\/hybrid-facelift-testimonio-internacional\/"},"wordCount":771,"commentCount":0,"publisher":{"@id":"https:\/\/dariofelipecabello.com\/es\/#organization"},"image":{"@id":"https:\/\/dariofelipecabello.com\/hybrid-facelift-testimonio-internacional\/#primaryimage"},"thumbnailUrl":"https:\/\/dariofelipecabello.com\/wp-content\/uploads\/2025\/10\/DR-DARIO-2.png","articleSection":["Blog"],"inLanguage":"en-US","potentialAction":[{"@type":"CommentAction","name":"Comment","target":["https:\/\/dariofelipecabello.com\/hybrid-facelift-testimonio-internacional\/#respond"]}]},{"@type":"WebPage","@id":"https:\/\/dariofelipecabello.com\/hybrid-facelift-testimonio-internacional\/","url":"https:\/\/dariofelipecabello.com\/hybrid-facelift-testimonio-internacional\/","name":"Hybrid Facelift: la experiencia real de una paciente internacional - Dario Felipe Cabello","isPartOf":{"@id":"https:\/\/dariofelipecabello.com\/es\/#website"},"primaryImageOfPage":{"@id":"https:\/\/dariofelipecabello.com\/hybrid-facelift-testimonio-internacional\/#primaryimage"},"image":{"@id":"https:\/\/dariofelipecabello.com\/hybrid-facelift-testimonio-internacional\/#primaryimage"},"thumbnailUrl":"https:\/\/dariofelipecabello.com\/wp-content\/uploads\/2025\/10\/DR-DARIO-2.png","datePublished":"2025-10-30T21:19:27+00:00","dateModified":"2025-10-30T22:26:50+00:00","description":"Descubre c\u00f3mo el Dr. Dar\u00edo Cabello logra una recuperaci\u00f3n natural y segura tras un Hybrid Facelift, con tecnolog\u00eda avanzada y enfoque humano.","breadcrumb":{"@id":"https:\/\/dariofelipecabello.com\/hybrid-facelift-testimonio-internacional\/#breadcrumb"},"inLanguage":"en-US","potentialAction":[{"@type":"ReadAction","target":["https:\/\/dariofelipecabello.com\/hybrid-facelift-testimonio-internacional\/"]}]},{"@type":"ImageObject","inLanguage":"en-US","@id":"https:\/\/dariofelipecabello.com\/hybrid-facelift-testimonio-internacional\/#primaryimage","url":"https:\/\/dariofelipecabello.com\/wp-content\/uploads\/2025\/10\/DR-DARIO-2.png","contentUrl":"https:\/\/dariofelipecabello.com\/wp-content\/uploads\/2025\/10\/DR-DARIO-2.png","width":1080,"height":1350},{"@type":"BreadcrumbList","@id":"https:\/\/dariofelipecabello.com\/hybrid-facelift-testimonio-internacional\/#breadcrumb","itemListElement":[{"@type":"ListItem","position":1,"name":"Portada","item":"https:\/\/dariofelipecabello.com\/"},{"@type":"ListItem","position":2,"name":"Hybrid Facelift: la experiencia real de una paciente internacional"}]},{"@type":"WebSite","@id":"https:\/\/dariofelipecabello.com\/es\/#website","url":"https:\/\/dariofelipecabello.com\/es\/","name":"Dario Felipe Cabello","description":"Keep it Natural","publisher":{"@id":"https:\/\/dariofelipecabello.com\/es\/#organization"},"potentialAction":[{"@type":"SearchAction","target":{"@type":"EntryPoint","urlTemplate":"https:\/\/dariofelipecabello.com\/es\/?s={search_term_string}"},"query-input":"required name=search_term_string"}],"inLanguage":"en-US"},{"@type":"Organization","@id":"https:\/\/dariofelipecabello.com\/es\/#organization","name":"Dario Felipe Cabello","url":"https:\/\/dariofelipecabello.com\/es\/","logo":{"@type":"ImageObject","inLanguage":"en-US","@id":"https:\/\/dariofelipecabello.com\/es\/#\/schema\/logo\/image\/","url":"https:\/\/dariofelipecabello.com\/wp-content\/uploads\/2024\/03\/Logo-DFC-Color.png","contentUrl":"https:\/\/dariofelipecabello.com\/wp-content\/uploads\/2024\/03\/Logo-DFC-Color.png","width":997,"height":412,"caption":"Dario Felipe Cabello"},"image":{"@id":"https:\/\/dariofelipecabello.com\/es\/#\/schema\/logo\/image\/"},"sameAs":["https:\/\/www.instagram.com\/dariofcabello","https:\/\/www.instagram.com\/plasticabello"]},{"@type":"Person","@id":"https:\/\/dariofelipecabello.com\/es\/#\/schema\/person\/3fdc12cd889f4bf5a7817f39c5ec14df","name":"dariofelipecabello.com","image":{"@type":"ImageObject","inLanguage":"en-US","@id":"https:\/\/dariofelipecabello.com\/es\/#\/schema\/person\/image\/","url":"https:\/\/secure.gravatar.com\/avatar\/e2c64b2dfbc74084f6e3242b509db17c?s=96&d=mm&r=g","contentUrl":"https:\/\/secure.gravatar.com\/avatar\/e2c64b2dfbc74084f6e3242b509db17c?s=96&d=mm&r=g","caption":"dariofelipecabello.com"},"sameAs":["http:\/\/dariofelipecabello.com"],"url":"https:\/\/dariofelipecabello.com\/en\/author\/dariofelipecabello-com\/"}]}},"jetpack_sharing_enabled":true,"jetpack_featured_media_url":"https:\/\/dariofelipecabello.com\/wp-content\/uploads\/2025\/10\/DR-DARIO-2.png","_links":{"self":[{"href":"https:\/\/dariofelipecabello.com\/en\/wp-json\/wp\/v2\/posts\/2428","targetHints":{"allow":["GET"]}}],"collection":[{"href":"https:\/\/dariofelipecabello.com\/en\/wp-json\/wp\/v2\/posts"}],"about":[{"href":"https:\/\/dariofelipecabello.com\/en\/wp-json\/wp\/v2\/types\/post"}],"author":[{"embeddable":true,"href":"https:\/\/dariofelipecabello.com\/en\/wp-json\/wp\/v2\/users\/1"}],"replies":[{"embeddable":true,"href":"https:\/\/dariofelipecabello.com\/en\/wp-json\/wp\/v2\/comments?post=2428"}],"version-history":[{"count":3,"href":"https:\/\/dariofelipecabello.com\/en\/wp-json\/wp\/v2\/posts\/2428\/revisions"}],"predecessor-version":[{"id":2435,"href":"https:\/\/dariofelipecabello.com\/en\/wp-json\/wp\/v2\/posts\/2428\/revisions\/2435"}],"wp:featuredmedia":[{"embeddable":true,"href":"https:\/\/dariofelipecabello.com\/en\/wp-json\/wp\/v2\/media\/2429"}],"wp:attachment":[{"href":"https:\/\/dariofelipecabello.com\/en\/wp-json\/wp\/v2\/media?parent=2428"}],"wp:term":[{"taxonomy":"category","embeddable":true,"href":"https:\/\/dariofelipecabello.com\/en\/wp-json\/wp\/v2\/categories?post=2428"},{"taxonomy":"post_tag","embeddable":true,"href":"https:\/\/dariofelipecabello.com\/en\/wp-json\/wp\/v2\/tags?post=2428"}],"curies":[{"name":"wp","href":"https:\/\/api.w.org\/{rel}","templated":true}]}}