{"id":2436,"date":"2025-11-07T15:21:59","date_gmt":"2025-11-07T20:21:59","guid":{"rendered":"https:\/\/dariofelipecabello.com\/?p=2436"},"modified":"2025-11-07T15:37:53","modified_gmt":"2025-11-07T20:37:53","slug":"baby-lift-la-nueva-tecnica-de-rejuvenecimiento","status":"publish","type":"post","link":"https:\/\/dariofelipecabello.com\/en\/baby-lift-la-nueva-tecnica-de-rejuvenecimiento\/","title":{"rendered":"Baby Lift: la nueva t\u00e9cnica de rejuvenecimiento para quienes no quieren esperar a envejecer"},"content":{"rendered":"<p>Un lifting para quienes a\u00fan no lo \u201cnecesitan\u201d (o eso creen). Cada vez m\u00e1s personas entre los 30 y 45 a\u00f1os est\u00e1n optando por procedimientos de rejuvenecimiento facial antes de que los signos del tiempo se vuelvan evidentes. Y no se trata de exagerar: se trata de prevenir y mantener. El Baby Lift es una evoluci\u00f3n del lifting facial tradicional.<br>Est\u00e1 dise\u00f1ado para pacientes j\u00f3venes que empiezan a notar flacidez leve, p\u00e9rdida de definici\u00f3n facial o un aspecto m\u00e1s cansado, pero que a\u00fan no requieren una cirug\u00eda completa como el Hybrid Facelift.<\/p>\n\n\n\n<p>Adem\u00e1s, es una alternativa ideal para quienes no desean aplicarse inyectables, como \u00e1cido hialur\u00f3nico o rellenos faciales, pero buscan mantener un aspecto firme, fresco y arm\u00f3nico de manera natural.<\/p>\n\n\n\n<figure class=\"wp-block-image size-large is-resized\"><img fetchpriority=\"high\" decoding=\"async\" width=\"1024\" height=\"684\" src=\"https:\/\/dariofelipecabello.com\/wp-content\/uploads\/2025\/11\/IMG_0449-1024x684.jpg\" alt=\"\" class=\"wp-image-2437\" style=\"width:840px;height:auto\" srcset=\"https:\/\/dariofelipecabello.com\/wp-content\/uploads\/2025\/11\/IMG_0449-1024x684.jpg 1024w, https:\/\/dariofelipecabello.com\/wp-content\/uploads\/2025\/11\/IMG_0449-300x200.jpg 300w, https:\/\/dariofelipecabello.com\/wp-content\/uploads\/2025\/11\/IMG_0449-768x513.jpg 768w, https:\/\/dariofelipecabello.com\/wp-content\/uploads\/2025\/11\/IMG_0449-1536x1026.jpg 1536w, https:\/\/dariofelipecabello.com\/wp-content\/uploads\/2025\/11\/IMG_0449-2048x1368.jpg 2048w, https:\/\/dariofelipecabello.com\/wp-content\/uploads\/2025\/11\/IMG_0449-18x12.jpg 18w, https:\/\/dariofelipecabello.com\/wp-content\/uploads\/2025\/11\/IMG_0449-1320x882.jpg 1320w, https:\/\/dariofelipecabello.com\/wp-content\/uploads\/2025\/11\/IMG_0449-600x401.jpg 600w\" sizes=\"(max-width: 1024px) 100vw, 1024px\" \/><\/figure>\n\n\n\n<h4 class=\"wp-block-heading\">\u00bfQu\u00e9 es exactamente el Baby Lift?<\/h4>\n\n\n\n<p>El Baby Lift es una cirug\u00eda facial m\u00ednimamente invasiva que reafirma, reposiciona y redefine los tejidos del rostro, conservando la expresi\u00f3n natural.<br>Dependiendo de cada caso, puede realizarse en alguna de estas dos zonas:<br>\u2022 El tercio inferior del rostro y cuello: ideal cuando hay p\u00e9rdida de definici\u00f3n mandibular, flacidez en mejillas o papada incipiente.<br>\u2022 El tercio superior del rostro: recomendado para pacientes que presentan ca\u00edda de cejas, flacidez en la frente o exceso leve de piel en los p\u00e1rpados superiores.<\/p>\n\n\n\n<p>Esta versatilidad permite tratar de forma espec\u00edfica las \u00e1reas que inician el proceso de envejecimiento, sin intervenir todo el rostro ni alterar la expresi\u00f3n.<\/p>\n\n\n\n<h4 class=\"wp-block-heading\">\u00bfQui\u00e9nes son los mejores candidatos?<\/h4>\n\n\n\n<p>El Baby Lift est\u00e1 pensado para hombres y mujeres entre 30 y 45 a\u00f1os que presentan:<br>\u2022 P\u00e9rdida leve de firmeza en la piel.<br>\u2022 L\u00ednea mandibular menos definida.<br>\u2022 Inicio de flacidez en mejillas o frente.<br>\u2022 Cansancio visible, aunque duerman bien.<br>\u2022 Deseo de rejuvenecer sin recurrir a inyectables o tratamientos de relleno.<\/p>\n\n\n\n<p>\u201cEl Baby Lift no busca cambiar el rostro, sino mantener su estructura y prevenir la ca\u00edda de los tejidos. Es una inversi\u00f3n est\u00e9tica inteligente.\u201d<br>\u2014 Dr. Dar\u00edo Felipe Cabello<\/p>\n\n\n\n<h4 class=\"wp-block-heading\">Beneficios de esta t\u00e9cnica<\/h4>\n\n\n\n<p>\u2705 Previene el envejecimiento avanzado: al reposicionar los tejidos antes de que la flacidez sea visible, se retrasa el envejecimiento.<br>\u2705 Resultados naturales: el rostro mantiene su expresi\u00f3n, solo m\u00e1s firme y descansada.<br>\u2705 Cicatrices m\u00ednimas y discretas: las incisiones se esconden alrededor de la oreja o en zonas del cuero cabelludo.<br>\u2705 Recuperaci\u00f3n r\u00e1pida: la mayor\u00eda de los pacientes retoman sus actividades en menos de 12 d\u00edas.<br>\u2705 Sin necesidad de inyectables: resultados reales sin recurrir a \u00e1cido hialur\u00f3nico o rellenos temporales.<br>\u2705 Combinable con tecnolog\u00eda regenerativa: puede complementarse con INDIBA o ozonoterapia, que aceleran la recuperaci\u00f3n y mejoran la textura de la piel.<\/p>\n\n\n\n<figure class=\"wp-block-image size-large is-resized\"><img decoding=\"async\" width=\"684\" height=\"1024\" src=\"https:\/\/dariofelipecabello.com\/wp-content\/uploads\/2025\/11\/IMG_0448-684x1024.jpg\" alt=\"\" class=\"wp-image-2438\" style=\"width:840px;height:auto\" srcset=\"https:\/\/dariofelipecabello.com\/wp-content\/uploads\/2025\/11\/IMG_0448-684x1024.jpg 684w, https:\/\/dariofelipecabello.com\/wp-content\/uploads\/2025\/11\/IMG_0448-200x300.jpg 200w, https:\/\/dariofelipecabello.com\/wp-content\/uploads\/2025\/11\/IMG_0448-768x1150.jpg 768w, https:\/\/dariofelipecabello.com\/wp-content\/uploads\/2025\/11\/IMG_0448-1026x1536.jpg 1026w, https:\/\/dariofelipecabello.com\/wp-content\/uploads\/2025\/11\/IMG_0448-1368x2048.jpg 1368w, https:\/\/dariofelipecabello.com\/wp-content\/uploads\/2025\/11\/IMG_0448-8x12.jpg 8w, https:\/\/dariofelipecabello.com\/wp-content\/uploads\/2025\/11\/IMG_0448-1320x1977.jpg 1320w, https:\/\/dariofelipecabello.com\/wp-content\/uploads\/2025\/11\/IMG_0448-600x898.jpg 600w, https:\/\/dariofelipecabello.com\/wp-content\/uploads\/2025\/11\/IMG_0448.jpg 1536w\" sizes=\"(max-width: 684px) 100vw, 684px\" \/><\/figure>\n\n\n\n<h4 class=\"wp-block-heading\">El enfoque del Dr. Dar\u00edo Cabello<\/h4>\n\n\n\n<p>El Dr. Cabello ha perfeccionado el Baby Lift dentro de su filosof\u00eda de rejuvenecimiento natural y personalizado, analizando la estructura facial y la forma en que cada rostro envejece.<\/p>\n\n\n\n<p>Antes de definir la t\u00e9cnica, estudia los planos musculares, la calidad de la piel, la posici\u00f3n de las cejas, el soporte \u00f3seo y la proyecci\u00f3n de p\u00f3mulos.<br>Esto le permite decidir si el paciente requiere un Baby Lift del tercio superior, uno del tercio inferior, o una combinaci\u00f3n de ambos para lograr armon\u00eda facial completa.<\/p>\n\n\n\n<p>\u201cNo todos envejecemos igual. Algunos pierden firmeza en el cuello, otros en la frente o alrededor de los ojos. Lo importante es tratar lo necesario, ni m\u00e1s ni menos.\u201d<br>\u2014 Dr. Dar\u00edo Felipe Cabello<\/p>\n\n\n\n<h4 class=\"wp-block-heading\">Recuperaci\u00f3n: r\u00e1pida, segura y guiada<\/h4>\n\n\n\n<p>Gracias a su car\u00e1cter m\u00ednimamente invasivo, el Baby Lift ofrece una recuperaci\u00f3n corta y c\u00f3moda.<br>El Dr. Cabello integra en su protocolo postoperatorio tecnolog\u00edas como la radiofrecuencia m\u00e9dica INDIBA y la ozonoterapia, que reducen la inflamaci\u00f3n, estimulan la regeneraci\u00f3n celular y favorecen una retracci\u00f3n uniforme de la piel.<\/p>\n\n\n\n<p>El resultado: un rostro firme, descansado y natural, sin rigidez ni signos quir\u00fargicos.<\/p>\n\n\n\n<h4 class=\"wp-block-heading\">Una nueva generaci\u00f3n de rejuvenecimiento facial<\/h4>\n\n\n\n<p>Durante a\u00f1os, el lifting facial fue considerado un procedimiento exclusivo para personas mayores de 50 a\u00f1os.<br>Hoy, con t\u00e9cnicas modernas como el Baby Lift, el rejuvenecimiento se vuelve preventivo, natural y accesible para quienes desean cuidar su imagen desde etapas tempranas, sin depender de tratamientos temporales.<\/p>\n\n\n\n<h4 class=\"wp-block-heading\">Conclusi\u00f3n: mantener la juventud es mejor que recuperarla<\/h4>\n\n\n\n<p>El Baby Lift redefine la cirug\u00eda facial moderna.<br>No busca borrar el paso del tiempo, sino mantener la estructura y vitalidad del rostro antes de que los signos de envejecimiento se instalen.<\/p>\n\n\n\n<p>\ud83d\udccd Agenda tu valoraci\u00f3n con el Dr. Dar\u00edo Felipe Cabello y descubre si eres candidato para esta t\u00e9cnica preventiva.<br>Tu juventud merece una atenci\u00f3n experta, personalizada y con resultados que se ven, pero no se notan.<\/p>\n\n\n\n<p><br>\ud83d\udc49 <strong>Enlaces internos sugeridos:<\/strong><\/p>\n\n\n\n<p><a href=\"https:\/\/dariofelipecabello.com\/es\/hybrid-facelift-technique\/\">Hybrid Facelift Technique: el lifting facial personalizado que adapta a ti<\/a><\/p>\n\n\n\n<p><a href=\"https:\/\/dariofelipecabello.com\/es\/hybrid-facelift-technique\/\">Cuidados antes y despu\u00e9s de una cirug\u00eda facial<\/a><\/p>\n\n\n\n<p><a href=\"https:\/\/dariofelipecabello.com\/es\/ozonoterapia\/\">Ozonoterapia: la aliada perfecta en tu recuperaci\u00f3n postquir\u00fargica<\/a><\/p>\n\n\n\n<p><\/p>\n\n\n\n<p><\/p>\n\n\n\n<p><\/p>\n\n\n\n<p><\/p>","protected":false},"excerpt":{"rendered":"<p>Un lifting para quienes a\u00fan no lo \u201cnecesitan\u201d (o eso creen). Cada vez m\u00e1s personas entre los 30 y 45 a\u00f1os est\u00e1n optando por procedimientos de rejuvenecimiento facial antes de que los signos del tiempo se vuelvan evidentes. Y no se trata de exagerar: se trata de prevenir y mantener. El Baby Lift es una [&hellip;]<\/p>","protected":false},"author":1,"featured_media":2437,"comment_status":"open","ping_status":"open","sticky":false,"template":"","format":"standard","meta":{"_ppp_document_settings_meta":"","_jetpack_memberships_contains_paid_content":false,"footnotes":"[]"},"categories":[1],"tags":[],"class_list":["post-2436","post","type-post","status-publish","format-standard","has-post-thumbnail","hentry","category-blog"],"yoast_head":"<!-- This site is optimized with the Yoast SEO plugin v22.8 - https:\/\/yoast.com\/wordpress\/plugins\/seo\/ -->\n<title>Baby Lift: la nueva t\u00e9cnica de rejuvenecimiento para quienes no quieren esperar a envejecer - Dario Felipe Cabello<\/title>\n<meta name=\"description\" content=\"El Baby Lift la t\u00e9cnica preventiva para personas j\u00f3venes que desean reafirmar su rostro sin recurrir a inyectables, con resultados naturales.\" \/>\n<meta name=\"robots\" content=\"index, follow, max-snippet:-1, max-image-preview:large, max-video-preview:-1\" \/>\n<link rel=\"canonical\" href=\"https:\/\/dariofelipecabello.com\/en\/baby-lift-la-nueva-tecnica-de-rejuvenecimiento\/\" \/>\n<meta property=\"og:locale\" content=\"en_US\" \/>\n<meta property=\"og:type\" content=\"article\" \/>\n<meta property=\"og:title\" content=\"Baby Lift: la nueva t\u00e9cnica de rejuvenecimiento para quienes no quieren esperar a envejecer - Dario Felipe Cabello\" \/>\n<meta property=\"og:description\" content=\"El Baby Lift la t\u00e9cnica preventiva para personas j\u00f3venes que desean reafirmar su rostro sin recurrir a inyectables, con resultados naturales.\" \/>\n<meta property=\"og:url\" content=\"https:\/\/dariofelipecabello.com\/en\/baby-lift-la-nueva-tecnica-de-rejuvenecimiento\/\" \/>\n<meta property=\"og:site_name\" content=\"Dario Felipe Cabello\" \/>\n<meta property=\"article:published_time\" content=\"2025-11-07T20:21:59+00:00\" \/>\n<meta property=\"article:modified_time\" content=\"2025-11-07T20:37:53+00:00\" \/>\n<meta property=\"og:image\" content=\"https:\/\/dariofelipecabello.com\/wp-content\/uploads\/2025\/11\/IMG_0449.jpg\" \/>\n\t<meta property=\"og:image:width\" content=\"2300\" \/>\n\t<meta property=\"og:image:height\" content=\"1536\" \/>\n\t<meta property=\"og:image:type\" content=\"image\/jpeg\" \/>\n<meta name=\"author\" content=\"dariofelipecabello.com\" \/>\n<meta name=\"twitter:card\" content=\"summary_large_image\" \/>\n<meta name=\"twitter:label1\" content=\"Written by\" \/>\n\t<meta name=\"twitter:data1\" content=\"dariofelipecabello.com\" \/>\n\t<meta name=\"twitter:label2\" content=\"Est. reading time\" \/>\n\t<meta name=\"twitter:data2\" content=\"5 minutes\" \/>\n<script type=\"application\/ld+json\" class=\"yoast-schema-graph\">{\"@context\":\"https:\/\/schema.org\",\"@graph\":[{\"@type\":\"Article\",\"@id\":\"https:\/\/dariofelipecabello.com\/baby-lift-la-nueva-tecnica-de-rejuvenecimiento\/#article\",\"isPartOf\":{\"@id\":\"https:\/\/dariofelipecabello.com\/baby-lift-la-nueva-tecnica-de-rejuvenecimiento\/\"},\"author\":{\"name\":\"dariofelipecabello.com\",\"@id\":\"https:\/\/dariofelipecabello.com\/es\/#\/schema\/person\/3fdc12cd889f4bf5a7817f39c5ec14df\"},\"headline\":\"Baby Lift: la nueva t\u00e9cnica de rejuvenecimiento para quienes no quieren esperar a envejecer\",\"datePublished\":\"2025-11-07T20:21:59+00:00\",\"dateModified\":\"2025-11-07T20:37:53+00:00\",\"mainEntityOfPage\":{\"@id\":\"https:\/\/dariofelipecabello.com\/baby-lift-la-nueva-tecnica-de-rejuvenecimiento\/\"},\"wordCount\":851,\"commentCount\":0,\"publisher\":{\"@id\":\"https:\/\/dariofelipecabello.com\/es\/#organization\"},\"image\":{\"@id\":\"https:\/\/dariofelipecabello.com\/baby-lift-la-nueva-tecnica-de-rejuvenecimiento\/#primaryimage\"},\"thumbnailUrl\":\"https:\/\/dariofelipecabello.com\/wp-content\/uploads\/2025\/11\/IMG_0449.jpg\",\"articleSection\":[\"Blog\"],\"inLanguage\":\"en-US\",\"potentialAction\":[{\"@type\":\"CommentAction\",\"name\":\"Comment\",\"target\":[\"https:\/\/dariofelipecabello.com\/baby-lift-la-nueva-tecnica-de-rejuvenecimiento\/#respond\"]}]},{\"@type\":\"WebPage\",\"@id\":\"https:\/\/dariofelipecabello.com\/baby-lift-la-nueva-tecnica-de-rejuvenecimiento\/\",\"url\":\"https:\/\/dariofelipecabello.com\/baby-lift-la-nueva-tecnica-de-rejuvenecimiento\/\",\"name\":\"Baby Lift: la nueva t\u00e9cnica de rejuvenecimiento para quienes no quieren esperar a envejecer - Dario Felipe Cabello\",\"isPartOf\":{\"@id\":\"https:\/\/dariofelipecabello.com\/es\/#website\"},\"primaryImageOfPage\":{\"@id\":\"https:\/\/dariofelipecabello.com\/baby-lift-la-nueva-tecnica-de-rejuvenecimiento\/#primaryimage\"},\"image\":{\"@id\":\"https:\/\/dariofelipecabello.com\/baby-lift-la-nueva-tecnica-de-rejuvenecimiento\/#primaryimage\"},\"thumbnailUrl\":\"https:\/\/dariofelipecabello.com\/wp-content\/uploads\/2025\/11\/IMG_0449.jpg\",\"datePublished\":\"2025-11-07T20:21:59+00:00\",\"dateModified\":\"2025-11-07T20:37:53+00:00\",\"description\":\"El Baby Lift la t\u00e9cnica preventiva para personas j\u00f3venes que desean reafirmar su rostro sin recurrir a inyectables, con resultados naturales.\",\"breadcrumb\":{\"@id\":\"https:\/\/dariofelipecabello.com\/baby-lift-la-nueva-tecnica-de-rejuvenecimiento\/#breadcrumb\"},\"inLanguage\":\"en-US\",\"potentialAction\":[{\"@type\":\"ReadAction\",\"target\":[\"https:\/\/dariofelipecabello.com\/baby-lift-la-nueva-tecnica-de-rejuvenecimiento\/\"]}]},{\"@type\":\"ImageObject\",\"inLanguage\":\"en-US\",\"@id\":\"https:\/\/dariofelipecabello.com\/baby-lift-la-nueva-tecnica-de-rejuvenecimiento\/#primaryimage\",\"url\":\"https:\/\/dariofelipecabello.com\/wp-content\/uploads\/2025\/11\/IMG_0449.jpg\",\"contentUrl\":\"https:\/\/dariofelipecabello.com\/wp-content\/uploads\/2025\/11\/IMG_0449.jpg\",\"width\":2300,\"height\":1536},{\"@type\":\"BreadcrumbList\",\"@id\":\"https:\/\/dariofelipecabello.com\/baby-lift-la-nueva-tecnica-de-rejuvenecimiento\/#breadcrumb\",\"itemListElement\":[{\"@type\":\"ListItem\",\"position\":1,\"name\":\"Portada\",\"item\":\"https:\/\/dariofelipecabello.com\/\"},{\"@type\":\"ListItem\",\"position\":2,\"name\":\"Baby Lift: la nueva t\u00e9cnica de rejuvenecimiento para quienes no quieren esperar a envejecer\"}]},{\"@type\":\"WebSite\",\"@id\":\"https:\/\/dariofelipecabello.com\/es\/#website\",\"url\":\"https:\/\/dariofelipecabello.com\/es\/\",\"name\":\"Dario Felipe Cabello\",\"description\":\"Keep it Natural\",\"publisher\":{\"@id\":\"https:\/\/dariofelipecabello.com\/es\/#organization\"},\"potentialAction\":[{\"@type\":\"SearchAction\",\"target\":{\"@type\":\"EntryPoint\",\"urlTemplate\":\"https:\/\/dariofelipecabello.com\/es\/?s={search_term_string}\"},\"query-input\":\"required name=search_term_string\"}],\"inLanguage\":\"en-US\"},{\"@type\":\"Organization\",\"@id\":\"https:\/\/dariofelipecabello.com\/es\/#organization\",\"name\":\"Dario Felipe Cabello\",\"url\":\"https:\/\/dariofelipecabello.com\/es\/\",\"logo\":{\"@type\":\"ImageObject\",\"inLanguage\":\"en-US\",\"@id\":\"https:\/\/dariofelipecabello.com\/es\/#\/schema\/logo\/image\/\",\"url\":\"https:\/\/dariofelipecabello.com\/wp-content\/uploads\/2024\/03\/Logo-DFC-Color.png\",\"contentUrl\":\"https:\/\/dariofelipecabello.com\/wp-content\/uploads\/2024\/03\/Logo-DFC-Color.png\",\"width\":997,\"height\":412,\"caption\":\"Dario Felipe Cabello\"},\"image\":{\"@id\":\"https:\/\/dariofelipecabello.com\/es\/#\/schema\/logo\/image\/\"},\"sameAs\":[\"https:\/\/www.instagram.com\/dariofcabello\",\"https:\/\/www.instagram.com\/plasticabello\"]},{\"@type\":\"Person\",\"@id\":\"https:\/\/dariofelipecabello.com\/es\/#\/schema\/person\/3fdc12cd889f4bf5a7817f39c5ec14df\",\"name\":\"dariofelipecabello.com\",\"image\":{\"@type\":\"ImageObject\",\"inLanguage\":\"en-US\",\"@id\":\"https:\/\/dariofelipecabello.com\/es\/#\/schema\/person\/image\/\",\"url\":\"https:\/\/secure.gravatar.com\/avatar\/e2c64b2dfbc74084f6e3242b509db17c?s=96&d=mm&r=g\",\"contentUrl\":\"https:\/\/secure.gravatar.com\/avatar\/e2c64b2dfbc74084f6e3242b509db17c?s=96&d=mm&r=g\",\"caption\":\"dariofelipecabello.com\"},\"sameAs\":[\"http:\/\/dariofelipecabello.com\"],\"url\":\"https:\/\/dariofelipecabello.com\/en\/author\/dariofelipecabello-com\/\"}]}<\/script>\n<!-- \/ Yoast SEO plugin. -->","yoast_head_json":{"title":"Baby Lift: la nueva t\u00e9cnica de rejuvenecimiento para quienes no quieren esperar a envejecer - Dario Felipe Cabello","description":"El Baby Lift la t\u00e9cnica preventiva para personas j\u00f3venes que desean reafirmar su rostro sin recurrir a inyectables, con resultados naturales.","robots":{"index":"index","follow":"follow","max-snippet":"max-snippet:-1","max-image-preview":"max-image-preview:large","max-video-preview":"max-video-preview:-1"},"canonical":"https:\/\/dariofelipecabello.com\/en\/baby-lift-la-nueva-tecnica-de-rejuvenecimiento\/","og_locale":"en_US","og_type":"article","og_title":"Baby Lift: la nueva t\u00e9cnica de rejuvenecimiento para quienes no quieren esperar a envejecer - Dario Felipe Cabello","og_description":"El Baby Lift la t\u00e9cnica preventiva para personas j\u00f3venes que desean reafirmar su rostro sin recurrir a inyectables, con resultados naturales.","og_url":"https:\/\/dariofelipecabello.com\/en\/baby-lift-la-nueva-tecnica-de-rejuvenecimiento\/","og_site_name":"Dario Felipe Cabello","article_published_time":"2025-11-07T20:21:59+00:00","article_modified_time":"2025-11-07T20:37:53+00:00","og_image":[{"width":2300,"height":1536,"url":"https:\/\/dariofelipecabello.com\/wp-content\/uploads\/2025\/11\/IMG_0449.jpg","type":"image\/jpeg"}],"author":"dariofelipecabello.com","twitter_card":"summary_large_image","twitter_misc":{"Written by":"dariofelipecabello.com","Est. reading time":"5 minutes"},"schema":{"@context":"https:\/\/schema.org","@graph":[{"@type":"Article","@id":"https:\/\/dariofelipecabello.com\/baby-lift-la-nueva-tecnica-de-rejuvenecimiento\/#article","isPartOf":{"@id":"https:\/\/dariofelipecabello.com\/baby-lift-la-nueva-tecnica-de-rejuvenecimiento\/"},"author":{"name":"dariofelipecabello.com","@id":"https:\/\/dariofelipecabello.com\/es\/#\/schema\/person\/3fdc12cd889f4bf5a7817f39c5ec14df"},"headline":"Baby Lift: la nueva t\u00e9cnica de rejuvenecimiento para quienes no quieren esperar a envejecer","datePublished":"2025-11-07T20:21:59+00:00","dateModified":"2025-11-07T20:37:53+00:00","mainEntityOfPage":{"@id":"https:\/\/dariofelipecabello.com\/baby-lift-la-nueva-tecnica-de-rejuvenecimiento\/"},"wordCount":851,"commentCount":0,"publisher":{"@id":"https:\/\/dariofelipecabello.com\/es\/#organization"},"image":{"@id":"https:\/\/dariofelipecabello.com\/baby-lift-la-nueva-tecnica-de-rejuvenecimiento\/#primaryimage"},"thumbnailUrl":"https:\/\/dariofelipecabello.com\/wp-content\/uploads\/2025\/11\/IMG_0449.jpg","articleSection":["Blog"],"inLanguage":"en-US","potentialAction":[{"@type":"CommentAction","name":"Comment","target":["https:\/\/dariofelipecabello.com\/baby-lift-la-nueva-tecnica-de-rejuvenecimiento\/#respond"]}]},{"@type":"WebPage","@id":"https:\/\/dariofelipecabello.com\/baby-lift-la-nueva-tecnica-de-rejuvenecimiento\/","url":"https:\/\/dariofelipecabello.com\/baby-lift-la-nueva-tecnica-de-rejuvenecimiento\/","name":"Baby Lift: la nueva t\u00e9cnica de rejuvenecimiento para quienes no quieren esperar a envejecer - Dario Felipe Cabello","isPartOf":{"@id":"https:\/\/dariofelipecabello.com\/es\/#website"},"primaryImageOfPage":{"@id":"https:\/\/dariofelipecabello.com\/baby-lift-la-nueva-tecnica-de-rejuvenecimiento\/#primaryimage"},"image":{"@id":"https:\/\/dariofelipecabello.com\/baby-lift-la-nueva-tecnica-de-rejuvenecimiento\/#primaryimage"},"thumbnailUrl":"https:\/\/dariofelipecabello.com\/wp-content\/uploads\/2025\/11\/IMG_0449.jpg","datePublished":"2025-11-07T20:21:59+00:00","dateModified":"2025-11-07T20:37:53+00:00","description":"El Baby Lift la t\u00e9cnica preventiva para personas j\u00f3venes que desean reafirmar su rostro sin recurrir a inyectables, con resultados naturales.","breadcrumb":{"@id":"https:\/\/dariofelipecabello.com\/baby-lift-la-nueva-tecnica-de-rejuvenecimiento\/#breadcrumb"},"inLanguage":"en-US","potentialAction":[{"@type":"ReadAction","target":["https:\/\/dariofelipecabello.com\/baby-lift-la-nueva-tecnica-de-rejuvenecimiento\/"]}]},{"@type":"ImageObject","inLanguage":"en-US","@id":"https:\/\/dariofelipecabello.com\/baby-lift-la-nueva-tecnica-de-rejuvenecimiento\/#primaryimage","url":"https:\/\/dariofelipecabello.com\/wp-content\/uploads\/2025\/11\/IMG_0449.jpg","contentUrl":"https:\/\/dariofelipecabello.com\/wp-content\/uploads\/2025\/11\/IMG_0449.jpg","width":2300,"height":1536},{"@type":"BreadcrumbList","@id":"https:\/\/dariofelipecabello.com\/baby-lift-la-nueva-tecnica-de-rejuvenecimiento\/#breadcrumb","itemListElement":[{"@type":"ListItem","position":1,"name":"Portada","item":"https:\/\/dariofelipecabello.com\/"},{"@type":"ListItem","position":2,"name":"Baby Lift: la nueva t\u00e9cnica de rejuvenecimiento para quienes no quieren esperar a envejecer"}]},{"@type":"WebSite","@id":"https:\/\/dariofelipecabello.com\/es\/#website","url":"https:\/\/dariofelipecabello.com\/es\/","name":"Dario Felipe Cabello","description":"Keep it Natural","publisher":{"@id":"https:\/\/dariofelipecabello.com\/es\/#organization"},"potentialAction":[{"@type":"SearchAction","target":{"@type":"EntryPoint","urlTemplate":"https:\/\/dariofelipecabello.com\/es\/?s={search_term_string}"},"query-input":"required name=search_term_string"}],"inLanguage":"en-US"},{"@type":"Organization","@id":"https:\/\/dariofelipecabello.com\/es\/#organization","name":"Dario Felipe Cabello","url":"https:\/\/dariofelipecabello.com\/es\/","logo":{"@type":"ImageObject","inLanguage":"en-US","@id":"https:\/\/dariofelipecabello.com\/es\/#\/schema\/logo\/image\/","url":"https:\/\/dariofelipecabello.com\/wp-content\/uploads\/2024\/03\/Logo-DFC-Color.png","contentUrl":"https:\/\/dariofelipecabello.com\/wp-content\/uploads\/2024\/03\/Logo-DFC-Color.png","width":997,"height":412,"caption":"Dario Felipe Cabello"},"image":{"@id":"https:\/\/dariofelipecabello.com\/es\/#\/schema\/logo\/image\/"},"sameAs":["https:\/\/www.instagram.com\/dariofcabello","https:\/\/www.instagram.com\/plasticabello"]},{"@type":"Person","@id":"https:\/\/dariofelipecabello.com\/es\/#\/schema\/person\/3fdc12cd889f4bf5a7817f39c5ec14df","name":"dariofelipecabello.com","image":{"@type":"ImageObject","inLanguage":"en-US","@id":"https:\/\/dariofelipecabello.com\/es\/#\/schema\/person\/image\/","url":"https:\/\/secure.gravatar.com\/avatar\/e2c64b2dfbc74084f6e3242b509db17c?s=96&d=mm&r=g","contentUrl":"https:\/\/secure.gravatar.com\/avatar\/e2c64b2dfbc74084f6e3242b509db17c?s=96&d=mm&r=g","caption":"dariofelipecabello.com"},"sameAs":["http:\/\/dariofelipecabello.com"],"url":"https:\/\/dariofelipecabello.com\/en\/author\/dariofelipecabello-com\/"}]}},"jetpack_sharing_enabled":true,"jetpack_featured_media_url":"https:\/\/dariofelipecabello.com\/wp-content\/uploads\/2025\/11\/IMG_0449.jpg","_links":{"self":[{"href":"https:\/\/dariofelipecabello.com\/en\/wp-json\/wp\/v2\/posts\/2436","targetHints":{"allow":["GET"]}}],"collection":[{"href":"https:\/\/dariofelipecabello.com\/en\/wp-json\/wp\/v2\/posts"}],"about":[{"href":"https:\/\/dariofelipecabello.com\/en\/wp-json\/wp\/v2\/types\/post"}],"author":[{"embeddable":true,"href":"https:\/\/dariofelipecabello.com\/en\/wp-json\/wp\/v2\/users\/1"}],"replies":[{"embeddable":true,"href":"https:\/\/dariofelipecabello.com\/en\/wp-json\/wp\/v2\/comments?post=2436"}],"version-history":[{"count":2,"href":"https:\/\/dariofelipecabello.com\/en\/wp-json\/wp\/v2\/posts\/2436\/revisions"}],"predecessor-version":[{"id":2440,"href":"https:\/\/dariofelipecabello.com\/en\/wp-json\/wp\/v2\/posts\/2436\/revisions\/2440"}],"wp:featuredmedia":[{"embeddable":true,"href":"https:\/\/dariofelipecabello.com\/en\/wp-json\/wp\/v2\/media\/2437"}],"wp:attachment":[{"href":"https:\/\/dariofelipecabello.com\/en\/wp-json\/wp\/v2\/media?parent=2436"}],"wp:term":[{"taxonomy":"category","embeddable":true,"href":"https:\/\/dariofelipecabello.com\/en\/wp-json\/wp\/v2\/categories?post=2436"},{"taxonomy":"post_tag","embeddable":true,"href":"https:\/\/dariofelipecabello.com\/en\/wp-json\/wp\/v2\/tags?post=2436"}],"curies":[{"name":"wp","href":"https:\/\/api.w.org\/{rel}","templated":true}]}}