{"id":2500,"date":"2026-04-29T14:00:00","date_gmt":"2026-04-29T19:00:00","guid":{"rendered":"https:\/\/dariofelipecabello.com\/?p=2500"},"modified":"2026-04-28T16:45:24","modified_gmt":"2026-04-28T21:45:24","slug":"viajar-despues-lifting-facial","status":"publish","type":"post","link":"https:\/\/dariofelipecabello.com\/en\/viajar-despues-lifting-facial\/","title":{"rendered":"Viajar despu\u00e9s de un lifting facial: lo que debes tener en cuenta"},"content":{"rendered":"<p>Viajar despu\u00e9s de un lifting facial s\u00ed es posible, pero no se trata de cu\u00e1ndo quieres viajar. Se trata de cu\u00e1ndo tu cuerpo est\u00e1 listo.<\/p>\n\n\n\n<p>Muchos pacientes planean su cirug\u00eda pensando en regresar r\u00e1pidamente a su rutina o incluso viajar pocos d\u00edas despu\u00e9s. Sin embargo, el proceso de recuperaci\u00f3n necesita tiempo y respeto.<\/p>\n\n\n\n<p>Porque el resultado no depende solo de la cirug\u00eda.<\/p>\n\n\n\n<p>Depende de c\u00f3mo cuidas ese resultado despu\u00e9s.<\/p>\n\n\n\n<figure class=\"wp-block-image size-full is-resized\"><img fetchpriority=\"high\" decoding=\"async\" width=\"1707\" height=\"2560\" src=\"https:\/\/dariofelipecabello.com\/wp-content\/uploads\/2026\/04\/IMG_5759.JPG-scaled.jpeg\" alt=\"\" class=\"wp-image-2501\" style=\"width:840px;height:auto\" srcset=\"https:\/\/dariofelipecabello.com\/wp-content\/uploads\/2026\/04\/IMG_5759.JPG-scaled.jpeg 1707w, https:\/\/dariofelipecabello.com\/wp-content\/uploads\/2026\/04\/IMG_5759.JPG-200x300.jpeg 200w, https:\/\/dariofelipecabello.com\/wp-content\/uploads\/2026\/04\/IMG_5759.JPG-683x1024.jpeg 683w, https:\/\/dariofelipecabello.com\/wp-content\/uploads\/2026\/04\/IMG_5759.JPG-768x1152.jpeg 768w, https:\/\/dariofelipecabello.com\/wp-content\/uploads\/2026\/04\/IMG_5759.JPG-1024x1536.jpeg 1024w, https:\/\/dariofelipecabello.com\/wp-content\/uploads\/2026\/04\/IMG_5759.JPG-1365x2048.jpeg 1365w, https:\/\/dariofelipecabello.com\/wp-content\/uploads\/2026\/04\/IMG_5759.JPG-8x12.jpeg 8w, https:\/\/dariofelipecabello.com\/wp-content\/uploads\/2026\/04\/IMG_5759.JPG-1320x1980.jpeg 1320w, https:\/\/dariofelipecabello.com\/wp-content\/uploads\/2026\/04\/IMG_5759.JPG-600x900.jpeg 600w\" sizes=\"(max-width: 1707px) 100vw, 1707px\" \/><\/figure>\n\n\n\n<h4 class=\"wp-block-heading\"><strong><strong><strong>El momento lo define tu recuperaci\u00f3n, no tu agenda<\/strong><\/strong><\/strong><\/h4>\n\n\n\n<p>Uno de los factores m\u00e1s importantes despu\u00e9s de un lifting facial es el tiempo.<\/p>\n\n\n\n<p>Viajar demasiado pronto, especialmente en avi\u00f3n, puede aumentar la inflamaci\u00f3n, generar incomodidad y afectar el proceso de cicatrizaci\u00f3n.&nbsp;<\/p>\n\n\n\n<p>En general, se recomienda esperar al menos&nbsp; 2 semanas antes de volar, dependiendo de la evoluci\u00f3n de cada paciente.&nbsp;<\/p>\n\n\n\n<p>No es una regla r\u00edgida. Pero s\u00ed es un criterio m\u00e9dico.<\/p>\n\n\n\n<p>Forzar el proceso puede comprometer el resultado.<\/p>\n\n\n\n<h4 class=\"wp-block-heading\"><strong><strong><strong>Viajar no es el problema. Viajar mal, s\u00ed.<\/strong><\/strong><\/strong><\/h4>\n\n\n\n<p>No se trata de prohibir el movimiento. Se trata de hacerlo correctamente.<\/p>\n\n\n\n<p>Durante un viaje, factores como:<\/p>\n\n\n\n<ul class=\"wp-block-list\">\n<li>la presi\u00f3n de cabina<br><\/li>\n\n\n\n<li>la falta de movilidad<br><\/li>\n\n\n\n<li>la deshidrataci\u00f3n<br><\/li>\n<\/ul>\n\n\n\n<p>pueden aumentar la inflamaci\u00f3n o generar molestias innecesarias.&nbsp;<\/p>\n\n\n\n<p>Por eso, cada decisi\u00f3n despu\u00e9s de la cirug\u00eda debe tomarse pensando en la recuperaci\u00f3n\u2026 no en la conveniencia.<\/p>\n\n\n\n<h4 class=\"wp-block-heading\"><strong><strong><strong>C\u00f3mo prepararte si necesitas viajar<\/strong><\/strong><\/strong><\/h4>\n\n\n\n<p>Si tu caso requiere viajar despu\u00e9s del procedimiento, la preparaci\u00f3n es clave.<\/p>\n\n\n\n<p>Algunas recomendaciones importantes incluyen:<\/p>\n\n\n\n<ul class=\"wp-block-list\">\n<li>llevar todos tus medicamentos y cuidados indicados<br><\/li>\n\n\n\n<li>usar ropa c\u00f3moda que no genere presi\u00f3n en el rostro<br><\/li>\n\n\n\n<li>mantener una buena hidrataci\u00f3n<br><\/li>\n\n\n\n<li>evitar alcohol y alimentos que aumenten la inflamaci\u00f3n<br><\/li>\n<\/ul>\n\n\n\n<p>El objetivo no es solo llegar a destino. Es llegar sin comprometer el proceso.<\/p>\n\n\n\n<h4 class=\"wp-block-heading\"><strong><strong>El cuidado contin\u00faa incluso cuando ya viajaste<\/strong><\/strong><\/h4>\n\n\n\n<p>Muchas personas creen que el proceso termina al salir de la cl\u00ednica.<\/p>\n\n\n\n<p>Y no es as\u00ed.<\/p>\n\n\n\n<p>La recuperaci\u00f3n contin\u00faa durante semanas.<\/p>\n\n\n\n<p>Durante ese tiempo es importante:<\/p>\n\n\n\n<ul class=\"wp-block-list\">\n<li>evitar ejercicio intenso<br><\/li>\n\n\n\n<li>proteger la piel del sol<br><\/li>\n\n\n\n<li>mantener una rutina de cuidado adecuada<br><\/li>\n\n\n\n<li>seguir todas las indicaciones m\u00e9dicas<br><\/li>\n<\/ul>\n\n\n\n<p>Incluso durante un viaje, tu prioridad sigue siendo la recuperaci\u00f3n.<\/p>\n\n\n\n<figure class=\"wp-block-image size-large is-resized\"><img decoding=\"async\" width=\"683\" height=\"1024\" src=\"https:\/\/dariofelipecabello.com\/wp-content\/uploads\/2026\/04\/IMG_5760.JPG-683x1024.jpeg\" alt=\"\" class=\"wp-image-2502\" style=\"width:840px;height:auto\" srcset=\"https:\/\/dariofelipecabello.com\/wp-content\/uploads\/2026\/04\/IMG_5760.JPG-683x1024.jpeg 683w, https:\/\/dariofelipecabello.com\/wp-content\/uploads\/2026\/04\/IMG_5760.JPG-200x300.jpeg 200w, https:\/\/dariofelipecabello.com\/wp-content\/uploads\/2026\/04\/IMG_5760.JPG-768x1152.jpeg 768w, https:\/\/dariofelipecabello.com\/wp-content\/uploads\/2026\/04\/IMG_5760.JPG-1024x1536.jpeg 1024w, https:\/\/dariofelipecabello.com\/wp-content\/uploads\/2026\/04\/IMG_5760.JPG-1365x2048.jpeg 1365w, https:\/\/dariofelipecabello.com\/wp-content\/uploads\/2026\/04\/IMG_5760.JPG-8x12.jpeg 8w, https:\/\/dariofelipecabello.com\/wp-content\/uploads\/2026\/04\/IMG_5760.JPG-1320x1980.jpeg 1320w, https:\/\/dariofelipecabello.com\/wp-content\/uploads\/2026\/04\/IMG_5760.JPG-600x900.jpeg 600w, https:\/\/dariofelipecabello.com\/wp-content\/uploads\/2026\/04\/IMG_5760.JPG-scaled.jpeg 1707w\" sizes=\"(max-width: 683px) 100vw, 683px\" \/><\/figure>\n\n\n\n<h4 class=\"wp-block-heading\"><strong><strong><strong>La parte que casi nadie te explica<\/strong><\/strong><\/strong><\/h4>\n\n\n\n<p>Un buen resultado no depende solo de la t\u00e9cnica quir\u00fargica.<\/p>\n\n\n\n<p>Depende de todo lo que haces despu\u00e9s.<\/p>\n\n\n\n<p>Viajar demasiado pronto, ignorar recomendaciones o priorizar la comodidad sobre el proceso puede afectar:<\/p>\n\n\n\n<ul class=\"wp-block-list\">\n<li>la inflamaci\u00f3n<br><\/li>\n\n\n\n<li>la cicatrizaci\u00f3n<br><\/li>\n\n\n\n<li>la calidad del resultado final<br><\/li>\n<\/ul>\n\n\n\n<p>Por eso, en cirug\u00eda facial, el postoperatorio no es un detalle. Es parte del tratamiento.<\/p>\n\n\n\n<h4 class=\"wp-block-heading\"><strong><strong><strong>Conclusi\u00f3n<\/strong><\/strong><\/strong><\/h4>\n\n\n\n<p>Viajar despu\u00e9s de un lifting facial no est\u00e1 prohibido. Pero tampoco es inmediato.<\/p>\n\n\n\n<p>El momento correcto no lo define tu agenda. Lo define tu recuperaci\u00f3n.<\/p>\n\n\n\n<p>Cuando respetas el proceso:<\/p>\n\n\n\n<ul class=\"wp-block-list\">\n<li>el resultado evoluciona mejor<br><\/li>\n\n\n\n<li>la recuperaci\u00f3n es m\u00e1s c\u00f3moda<br><\/li>\n\n\n\n<li>y la naturalidad se mantiene<br><\/li>\n<\/ul>\n\n\n\n<p>Y eso es lo que realmente importa.<\/p>\n\n\n\n<h4 class=\"wp-block-heading\"><strong><strong><strong>Valoraci\u00f3n y planificaci\u00f3n<\/strong><\/strong><\/strong><\/h4>\n\n\n\n<p>Cada paciente tiene un ritmo distinto.<\/p>\n\n\n\n<p>Por eso, si est\u00e1s considerando un lifting facial y sabes que necesitas viajar, lo m\u00e1s importante es planificar correctamente desde el inicio.<\/p>\n\n\n\n<p>Porque en cirug\u00eda facial,<\/p>\n\n\n\n<p>hacerlo bien\u2026 tambi\u00e9n incluye lo que pasa despu\u00e9s.<\/p>\n\n\n\n<p><br>\ud83d\udc49 <strong>Enlaces internos sugeridos:<\/strong><\/p>\n\n\n\n<p><a href=\"https:\/\/dariofelipecabello.com\/es\/lifting-facial-en-colombia\/\">Facial Rejuvenation<\/a><\/p>\n\n\n\n<p><a href=\"https:\/\/dariofelipecabello.com\/es\/mitos-lifting-facial\/\">Mitos del Lifting Facial<\/a><\/p>\n\n\n\n<p><a href=\"https:\/\/dariofelipecabello.com\/es\/preparacion-lifting-facial\/\">Preparaci\u00f3n para un lifting facial: lo que define el resultado<\/a><\/p>\n\n\n\n<p><a href=\"https:\/\/dariofelipecabello.com\/es\/hybrid-facelift-technique\/\">Cuidados antes y despu\u00e9s de una cirug\u00eda facial<\/a><\/p>\n\n\n\n<p>Por el <strong>Dr. Dar\u00edo Felipe Cabello<\/strong><\/p>\n\n\n\n<p>Cirujano Pl\u00e1stico Facial<br>Creador de la t\u00e9cnica Hybrid Facelift<br><em>\u201cKeep it Natural\u201d<\/em><\/p>\n\n\n\n<p><\/p>\n\n\n\n<p><\/p>\n\n\n\n<p><\/p>\n\n\n\n<p><\/p>","protected":false},"excerpt":{"rendered":"<p>Viajar despu\u00e9s de un lifting facial s\u00ed es posible, pero no se trata de cu\u00e1ndo quieres viajar. Se trata de cu\u00e1ndo tu cuerpo est\u00e1 listo. Muchos pacientes planean su cirug\u00eda pensando en regresar r\u00e1pidamente a su rutina o incluso viajar pocos d\u00edas despu\u00e9s. Sin embargo, el proceso de recuperaci\u00f3n necesita tiempo y respeto. Porque el [&hellip;]<\/p>","protected":false},"author":1,"featured_media":2502,"comment_status":"open","ping_status":"open","sticky":false,"template":"","format":"standard","meta":{"_ppp_document_settings_meta":"","_jetpack_memberships_contains_paid_content":false,"footnotes":"[]"},"categories":[1],"tags":[],"class_list":["post-2500","post","type-post","status-publish","format-standard","has-post-thumbnail","hentry","category-blog"],"yoast_head":"<!-- This site is optimized with the Yoast SEO plugin v22.8 - https:\/\/yoast.com\/wordpress\/plugins\/seo\/ -->\n<title>Viajar despu\u00e9s de un lifting facial: lo que debes tener en cuenta - Dario Felipe Cabello<\/title>\n<meta name=\"description\" content=\"Viajar despu\u00e9s de un lifting facial requiere planificaci\u00f3n. Descubre cu\u00e1ndo es seguro hacerlo y c\u00f3mo cuidar tu recuperaci\u00f3n correctamente.\" \/>\n<meta name=\"robots\" content=\"index, follow, max-snippet:-1, max-image-preview:large, max-video-preview:-1\" \/>\n<link rel=\"canonical\" href=\"https:\/\/dariofelipecabello.com\/en\/viajar-despues-lifting-facial\/\" \/>\n<meta property=\"og:locale\" content=\"en_US\" \/>\n<meta property=\"og:type\" content=\"article\" \/>\n<meta property=\"og:title\" content=\"Viajar despu\u00e9s de un lifting facial: lo que debes tener en cuenta - Dario Felipe Cabello\" \/>\n<meta property=\"og:description\" content=\"Viajar despu\u00e9s de un lifting facial requiere planificaci\u00f3n. Descubre cu\u00e1ndo es seguro hacerlo y c\u00f3mo cuidar tu recuperaci\u00f3n correctamente.\" \/>\n<meta property=\"og:url\" content=\"https:\/\/dariofelipecabello.com\/en\/viajar-despues-lifting-facial\/\" \/>\n<meta property=\"og:site_name\" content=\"Dario Felipe Cabello\" \/>\n<meta property=\"article:published_time\" content=\"2026-04-29T19:00:00+00:00\" \/>\n<meta property=\"article:modified_time\" content=\"2026-04-28T21:45:24+00:00\" \/>\n<meta property=\"og:image\" content=\"https:\/\/dariofelipecabello.com\/wp-content\/uploads\/2026\/04\/IMG_5760.JPG-scaled.jpeg\" \/>\n\t<meta property=\"og:image:width\" content=\"1707\" \/>\n\t<meta property=\"og:image:height\" content=\"2560\" \/>\n\t<meta property=\"og:image:type\" content=\"image\/jpeg\" \/>\n<meta name=\"author\" content=\"dariofelipecabello.com\" \/>\n<meta name=\"twitter:card\" content=\"summary_large_image\" \/>\n<meta name=\"twitter:label1\" content=\"Written by\" \/>\n\t<meta name=\"twitter:data1\" content=\"dariofelipecabello.com\" \/>\n\t<meta name=\"twitter:label2\" content=\"Est. reading time\" \/>\n\t<meta name=\"twitter:data2\" content=\"4 minutes\" \/>\n<script type=\"application\/ld+json\" class=\"yoast-schema-graph\">{\"@context\":\"https:\/\/schema.org\",\"@graph\":[{\"@type\":\"Article\",\"@id\":\"https:\/\/dariofelipecabello.com\/viajar-despues-lifting-facial\/#article\",\"isPartOf\":{\"@id\":\"https:\/\/dariofelipecabello.com\/viajar-despues-lifting-facial\/\"},\"author\":{\"name\":\"dariofelipecabello.com\",\"@id\":\"https:\/\/dariofelipecabello.com\/es\/#\/schema\/person\/3fdc12cd889f4bf5a7817f39c5ec14df\"},\"headline\":\"Viajar despu\u00e9s de un lifting facial: lo que debes tener en cuenta\",\"datePublished\":\"2026-04-29T19:00:00+00:00\",\"dateModified\":\"2026-04-28T21:45:24+00:00\",\"mainEntityOfPage\":{\"@id\":\"https:\/\/dariofelipecabello.com\/viajar-despues-lifting-facial\/\"},\"wordCount\":615,\"commentCount\":0,\"publisher\":{\"@id\":\"https:\/\/dariofelipecabello.com\/es\/#organization\"},\"image\":{\"@id\":\"https:\/\/dariofelipecabello.com\/viajar-despues-lifting-facial\/#primaryimage\"},\"thumbnailUrl\":\"https:\/\/dariofelipecabello.com\/wp-content\/uploads\/2026\/04\/IMG_5760.JPG-scaled.jpeg\",\"articleSection\":[\"Blog\"],\"inLanguage\":\"en-US\",\"potentialAction\":[{\"@type\":\"CommentAction\",\"name\":\"Comment\",\"target\":[\"https:\/\/dariofelipecabello.com\/viajar-despues-lifting-facial\/#respond\"]}]},{\"@type\":\"WebPage\",\"@id\":\"https:\/\/dariofelipecabello.com\/viajar-despues-lifting-facial\/\",\"url\":\"https:\/\/dariofelipecabello.com\/viajar-despues-lifting-facial\/\",\"name\":\"Viajar despu\u00e9s de un lifting facial: lo que debes tener en cuenta - Dario Felipe Cabello\",\"isPartOf\":{\"@id\":\"https:\/\/dariofelipecabello.com\/es\/#website\"},\"primaryImageOfPage\":{\"@id\":\"https:\/\/dariofelipecabello.com\/viajar-despues-lifting-facial\/#primaryimage\"},\"image\":{\"@id\":\"https:\/\/dariofelipecabello.com\/viajar-despues-lifting-facial\/#primaryimage\"},\"thumbnailUrl\":\"https:\/\/dariofelipecabello.com\/wp-content\/uploads\/2026\/04\/IMG_5760.JPG-scaled.jpeg\",\"datePublished\":\"2026-04-29T19:00:00+00:00\",\"dateModified\":\"2026-04-28T21:45:24+00:00\",\"description\":\"Viajar despu\u00e9s de un lifting facial requiere planificaci\u00f3n. Descubre cu\u00e1ndo es seguro hacerlo y c\u00f3mo cuidar tu recuperaci\u00f3n correctamente.\",\"breadcrumb\":{\"@id\":\"https:\/\/dariofelipecabello.com\/viajar-despues-lifting-facial\/#breadcrumb\"},\"inLanguage\":\"en-US\",\"potentialAction\":[{\"@type\":\"ReadAction\",\"target\":[\"https:\/\/dariofelipecabello.com\/viajar-despues-lifting-facial\/\"]}]},{\"@type\":\"ImageObject\",\"inLanguage\":\"en-US\",\"@id\":\"https:\/\/dariofelipecabello.com\/viajar-despues-lifting-facial\/#primaryimage\",\"url\":\"https:\/\/dariofelipecabello.com\/wp-content\/uploads\/2026\/04\/IMG_5760.JPG-scaled.jpeg\",\"contentUrl\":\"https:\/\/dariofelipecabello.com\/wp-content\/uploads\/2026\/04\/IMG_5760.JPG-scaled.jpeg\",\"width\":1707,\"height\":2560},{\"@type\":\"BreadcrumbList\",\"@id\":\"https:\/\/dariofelipecabello.com\/viajar-despues-lifting-facial\/#breadcrumb\",\"itemListElement\":[{\"@type\":\"ListItem\",\"position\":1,\"name\":\"Portada\",\"item\":\"https:\/\/dariofelipecabello.com\/\"},{\"@type\":\"ListItem\",\"position\":2,\"name\":\"Viajar despu\u00e9s de un lifting facial: lo que debes tener en cuenta\"}]},{\"@type\":\"WebSite\",\"@id\":\"https:\/\/dariofelipecabello.com\/es\/#website\",\"url\":\"https:\/\/dariofelipecabello.com\/es\/\",\"name\":\"Dario Felipe Cabello\",\"description\":\"Keep it Natural\",\"publisher\":{\"@id\":\"https:\/\/dariofelipecabello.com\/es\/#organization\"},\"potentialAction\":[{\"@type\":\"SearchAction\",\"target\":{\"@type\":\"EntryPoint\",\"urlTemplate\":\"https:\/\/dariofelipecabello.com\/es\/?s={search_term_string}\"},\"query-input\":\"required name=search_term_string\"}],\"inLanguage\":\"en-US\"},{\"@type\":\"Organization\",\"@id\":\"https:\/\/dariofelipecabello.com\/es\/#organization\",\"name\":\"Dario Felipe Cabello\",\"url\":\"https:\/\/dariofelipecabello.com\/es\/\",\"logo\":{\"@type\":\"ImageObject\",\"inLanguage\":\"en-US\",\"@id\":\"https:\/\/dariofelipecabello.com\/es\/#\/schema\/logo\/image\/\",\"url\":\"https:\/\/dariofelipecabello.com\/wp-content\/uploads\/2024\/03\/Logo-DFC-Color.png\",\"contentUrl\":\"https:\/\/dariofelipecabello.com\/wp-content\/uploads\/2024\/03\/Logo-DFC-Color.png\",\"width\":997,\"height\":412,\"caption\":\"Dario Felipe Cabello\"},\"image\":{\"@id\":\"https:\/\/dariofelipecabello.com\/es\/#\/schema\/logo\/image\/\"},\"sameAs\":[\"https:\/\/www.instagram.com\/dariofcabello\",\"https:\/\/www.instagram.com\/plasticabello\"]},{\"@type\":\"Person\",\"@id\":\"https:\/\/dariofelipecabello.com\/es\/#\/schema\/person\/3fdc12cd889f4bf5a7817f39c5ec14df\",\"name\":\"dariofelipecabello.com\",\"image\":{\"@type\":\"ImageObject\",\"inLanguage\":\"en-US\",\"@id\":\"https:\/\/dariofelipecabello.com\/es\/#\/schema\/person\/image\/\",\"url\":\"https:\/\/secure.gravatar.com\/avatar\/e2c64b2dfbc74084f6e3242b509db17c?s=96&d=mm&r=g\",\"contentUrl\":\"https:\/\/secure.gravatar.com\/avatar\/e2c64b2dfbc74084f6e3242b509db17c?s=96&d=mm&r=g\",\"caption\":\"dariofelipecabello.com\"},\"sameAs\":[\"http:\/\/dariofelipecabello.com\"],\"url\":\"https:\/\/dariofelipecabello.com\/en\/author\/dariofelipecabello-com\/\"}]}<\/script>\n<!-- \/ Yoast SEO plugin. -->","yoast_head_json":{"title":"Viajar despu\u00e9s de un lifting facial: lo que debes tener en cuenta - Dario Felipe Cabello","description":"Viajar despu\u00e9s de un lifting facial requiere planificaci\u00f3n. Descubre cu\u00e1ndo es seguro hacerlo y c\u00f3mo cuidar tu recuperaci\u00f3n correctamente.","robots":{"index":"index","follow":"follow","max-snippet":"max-snippet:-1","max-image-preview":"max-image-preview:large","max-video-preview":"max-video-preview:-1"},"canonical":"https:\/\/dariofelipecabello.com\/en\/viajar-despues-lifting-facial\/","og_locale":"en_US","og_type":"article","og_title":"Viajar despu\u00e9s de un lifting facial: lo que debes tener en cuenta - Dario Felipe Cabello","og_description":"Viajar despu\u00e9s de un lifting facial requiere planificaci\u00f3n. Descubre cu\u00e1ndo es seguro hacerlo y c\u00f3mo cuidar tu recuperaci\u00f3n correctamente.","og_url":"https:\/\/dariofelipecabello.com\/en\/viajar-despues-lifting-facial\/","og_site_name":"Dario Felipe Cabello","article_published_time":"2026-04-29T19:00:00+00:00","article_modified_time":"2026-04-28T21:45:24+00:00","og_image":[{"width":1707,"height":2560,"url":"https:\/\/dariofelipecabello.com\/wp-content\/uploads\/2026\/04\/IMG_5760.JPG-scaled.jpeg","type":"image\/jpeg"}],"author":"dariofelipecabello.com","twitter_card":"summary_large_image","twitter_misc":{"Written by":"dariofelipecabello.com","Est. reading time":"4 minutes"},"schema":{"@context":"https:\/\/schema.org","@graph":[{"@type":"Article","@id":"https:\/\/dariofelipecabello.com\/viajar-despues-lifting-facial\/#article","isPartOf":{"@id":"https:\/\/dariofelipecabello.com\/viajar-despues-lifting-facial\/"},"author":{"name":"dariofelipecabello.com","@id":"https:\/\/dariofelipecabello.com\/es\/#\/schema\/person\/3fdc12cd889f4bf5a7817f39c5ec14df"},"headline":"Viajar despu\u00e9s de un lifting facial: lo que debes tener en cuenta","datePublished":"2026-04-29T19:00:00+00:00","dateModified":"2026-04-28T21:45:24+00:00","mainEntityOfPage":{"@id":"https:\/\/dariofelipecabello.com\/viajar-despues-lifting-facial\/"},"wordCount":615,"commentCount":0,"publisher":{"@id":"https:\/\/dariofelipecabello.com\/es\/#organization"},"image":{"@id":"https:\/\/dariofelipecabello.com\/viajar-despues-lifting-facial\/#primaryimage"},"thumbnailUrl":"https:\/\/dariofelipecabello.com\/wp-content\/uploads\/2026\/04\/IMG_5760.JPG-scaled.jpeg","articleSection":["Blog"],"inLanguage":"en-US","potentialAction":[{"@type":"CommentAction","name":"Comment","target":["https:\/\/dariofelipecabello.com\/viajar-despues-lifting-facial\/#respond"]}]},{"@type":"WebPage","@id":"https:\/\/dariofelipecabello.com\/viajar-despues-lifting-facial\/","url":"https:\/\/dariofelipecabello.com\/viajar-despues-lifting-facial\/","name":"Viajar despu\u00e9s de un lifting facial: lo que debes tener en cuenta - Dario Felipe Cabello","isPartOf":{"@id":"https:\/\/dariofelipecabello.com\/es\/#website"},"primaryImageOfPage":{"@id":"https:\/\/dariofelipecabello.com\/viajar-despues-lifting-facial\/#primaryimage"},"image":{"@id":"https:\/\/dariofelipecabello.com\/viajar-despues-lifting-facial\/#primaryimage"},"thumbnailUrl":"https:\/\/dariofelipecabello.com\/wp-content\/uploads\/2026\/04\/IMG_5760.JPG-scaled.jpeg","datePublished":"2026-04-29T19:00:00+00:00","dateModified":"2026-04-28T21:45:24+00:00","description":"Viajar despu\u00e9s de un lifting facial requiere planificaci\u00f3n. Descubre cu\u00e1ndo es seguro hacerlo y c\u00f3mo cuidar tu recuperaci\u00f3n correctamente.","breadcrumb":{"@id":"https:\/\/dariofelipecabello.com\/viajar-despues-lifting-facial\/#breadcrumb"},"inLanguage":"en-US","potentialAction":[{"@type":"ReadAction","target":["https:\/\/dariofelipecabello.com\/viajar-despues-lifting-facial\/"]}]},{"@type":"ImageObject","inLanguage":"en-US","@id":"https:\/\/dariofelipecabello.com\/viajar-despues-lifting-facial\/#primaryimage","url":"https:\/\/dariofelipecabello.com\/wp-content\/uploads\/2026\/04\/IMG_5760.JPG-scaled.jpeg","contentUrl":"https:\/\/dariofelipecabello.com\/wp-content\/uploads\/2026\/04\/IMG_5760.JPG-scaled.jpeg","width":1707,"height":2560},{"@type":"BreadcrumbList","@id":"https:\/\/dariofelipecabello.com\/viajar-despues-lifting-facial\/#breadcrumb","itemListElement":[{"@type":"ListItem","position":1,"name":"Portada","item":"https:\/\/dariofelipecabello.com\/"},{"@type":"ListItem","position":2,"name":"Viajar despu\u00e9s de un lifting facial: lo que debes tener en cuenta"}]},{"@type":"WebSite","@id":"https:\/\/dariofelipecabello.com\/es\/#website","url":"https:\/\/dariofelipecabello.com\/es\/","name":"Dario Felipe Cabello","description":"Keep it Natural","publisher":{"@id":"https:\/\/dariofelipecabello.com\/es\/#organization"},"potentialAction":[{"@type":"SearchAction","target":{"@type":"EntryPoint","urlTemplate":"https:\/\/dariofelipecabello.com\/es\/?s={search_term_string}"},"query-input":"required name=search_term_string"}],"inLanguage":"en-US"},{"@type":"Organization","@id":"https:\/\/dariofelipecabello.com\/es\/#organization","name":"Dario Felipe Cabello","url":"https:\/\/dariofelipecabello.com\/es\/","logo":{"@type":"ImageObject","inLanguage":"en-US","@id":"https:\/\/dariofelipecabello.com\/es\/#\/schema\/logo\/image\/","url":"https:\/\/dariofelipecabello.com\/wp-content\/uploads\/2024\/03\/Logo-DFC-Color.png","contentUrl":"https:\/\/dariofelipecabello.com\/wp-content\/uploads\/2024\/03\/Logo-DFC-Color.png","width":997,"height":412,"caption":"Dario Felipe Cabello"},"image":{"@id":"https:\/\/dariofelipecabello.com\/es\/#\/schema\/logo\/image\/"},"sameAs":["https:\/\/www.instagram.com\/dariofcabello","https:\/\/www.instagram.com\/plasticabello"]},{"@type":"Person","@id":"https:\/\/dariofelipecabello.com\/es\/#\/schema\/person\/3fdc12cd889f4bf5a7817f39c5ec14df","name":"dariofelipecabello.com","image":{"@type":"ImageObject","inLanguage":"en-US","@id":"https:\/\/dariofelipecabello.com\/es\/#\/schema\/person\/image\/","url":"https:\/\/secure.gravatar.com\/avatar\/e2c64b2dfbc74084f6e3242b509db17c?s=96&d=mm&r=g","contentUrl":"https:\/\/secure.gravatar.com\/avatar\/e2c64b2dfbc74084f6e3242b509db17c?s=96&d=mm&r=g","caption":"dariofelipecabello.com"},"sameAs":["http:\/\/dariofelipecabello.com"],"url":"https:\/\/dariofelipecabello.com\/en\/author\/dariofelipecabello-com\/"}]}},"jetpack_sharing_enabled":true,"jetpack_featured_media_url":"https:\/\/dariofelipecabello.com\/wp-content\/uploads\/2026\/04\/IMG_5760.JPG-scaled.jpeg","_links":{"self":[{"href":"https:\/\/dariofelipecabello.com\/en\/wp-json\/wp\/v2\/posts\/2500","targetHints":{"allow":["GET"]}}],"collection":[{"href":"https:\/\/dariofelipecabello.com\/en\/wp-json\/wp\/v2\/posts"}],"about":[{"href":"https:\/\/dariofelipecabello.com\/en\/wp-json\/wp\/v2\/types\/post"}],"author":[{"embeddable":true,"href":"https:\/\/dariofelipecabello.com\/en\/wp-json\/wp\/v2\/users\/1"}],"replies":[{"embeddable":true,"href":"https:\/\/dariofelipecabello.com\/en\/wp-json\/wp\/v2\/comments?post=2500"}],"version-history":[{"count":1,"href":"https:\/\/dariofelipecabello.com\/en\/wp-json\/wp\/v2\/posts\/2500\/revisions"}],"predecessor-version":[{"id":2503,"href":"https:\/\/dariofelipecabello.com\/en\/wp-json\/wp\/v2\/posts\/2500\/revisions\/2503"}],"wp:featuredmedia":[{"embeddable":true,"href":"https:\/\/dariofelipecabello.com\/en\/wp-json\/wp\/v2\/media\/2502"}],"wp:attachment":[{"href":"https:\/\/dariofelipecabello.com\/en\/wp-json\/wp\/v2\/media?parent=2500"}],"wp:term":[{"taxonomy":"category","embeddable":true,"href":"https:\/\/dariofelipecabello.com\/en\/wp-json\/wp\/v2\/categories?post=2500"},{"taxonomy":"post_tag","embeddable":true,"href":"https:\/\/dariofelipecabello.com\/en\/wp-json\/wp\/v2\/tags?post=2500"}],"curies":[{"name":"wp","href":"https:\/\/api.w.org\/{rel}","templated":true}]}}