{"id":1354,"date":"2023-08-05T07:28:00","date_gmt":"2023-08-05T12:28:00","guid":{"rendered":"https:\/\/dariofelipecabello.com\/?p=1354"},"modified":"2024-04-30T07:31:39","modified_gmt":"2024-04-30T12:31:39","slug":"ya-no-sientes-tu-piel-lisa-y-elastica-el-radiesse-te-puede-ayudar","status":"publish","type":"post","link":"https:\/\/dariofelipecabello.com\/es\/ya-no-sientes-tu-piel-lisa-y-elastica-el-radiesse-te-puede-ayudar\/","title":{"rendered":"\u00bfYa no sientes tu piel lisa y el\u00e1stica? El Radiesse te puede ayudar"},"content":{"rendered":"\n<figure class=\"wp-block-image size-full\"><img fetchpriority=\"high\" decoding=\"async\" width=\"740\" height=\"494\" src=\"https:\/\/dariofelipecabello.com\/wp-content\/uploads\/2024\/04\/11062b_80fd4a7ca5434b9d9fd120fcbce9c017mv2.webp\" alt=\"\" class=\"wp-image-1355\" srcset=\"https:\/\/dariofelipecabello.com\/wp-content\/uploads\/2024\/04\/11062b_80fd4a7ca5434b9d9fd120fcbce9c017mv2.webp 740w, https:\/\/dariofelipecabello.com\/wp-content\/uploads\/2024\/04\/11062b_80fd4a7ca5434b9d9fd120fcbce9c017mv2-300x200.webp 300w\" sizes=\"(max-width: 740px) 100vw, 740px\" \/><\/figure>\n\n\n\n<p id=\"viewer-33skf\">En el mundo del rejuvenecimiento facial y corporal sin cirug\u00eda, tambi\u00e9n conocido como Procedimientos no quir\u00fargicos, <strong>Radiesse <\/strong>destaca como el l\u00edder <a href=\"https:\/\/dfcabello.editorx.io\/dfc2\/blog\/hashtags\/1\">#1<\/a> en inyectables. Este compuesto por hidroxiapatita c\u00e1lcica renueva tu piel de adentro hacia afuera por medio de la estimulaci\u00f3n de col\u00e1geno y ofrece resultados seguros y efectivos.<\/p>\n\n\n\n<p id=\"viewer-62met\">En este art\u00edculo, exploraremos: en qu\u00e9 consiste el tratamiento de Radiesse, la duraci\u00f3n de sus efectos y los beneficios de elegir este producto. Adem\u00e1s, destacaremos la importancia de realizar el tratamiento con un profesional est\u00e9tico confiable, como <strong>Dar\u00edo Felipe Cabello<\/strong>, en busca de resultados seguros y satisfactorios.<\/p>\n\n\n\n<h2 class=\"wp-block-heading\" id=\"viewer-avf5m\">El tratamiento Radiesse: Una soluci\u00f3n para el rejuvenecimiento sin cirug\u00eda<\/h2>\n\n\n\n<p id=\"viewer-7rkev\">Los \u00faltimos a\u00f1os nos han ense\u00f1ado que para lucir m\u00e1s joven, es esencial ir m\u00e1s all\u00e1 de tratar arrugas y l\u00edneas de expresi\u00f3n. La clave est\u00e1 en lograr una piel radiante, aprovechando el potencial de <strong>auto-renovaci\u00f3n que se oculta en nuestra piel, sin importar la edad.<\/strong><\/p>\n\n\n\n<p id=\"viewer-1ph84\"><strong>Radiesse <\/strong>es un tratamiento inyectable facial y corporal que recupera la firmeza y elasticidad de tu piel, aten\u00faa arrugas, as\u00ed como tambi\u00e9n l\u00edneas causadas por el proceso natural de envejecimiento. Este <strong>inductor del col\u00e1geno <\/strong>no solo reduce las arrugas, sino que tambi\u00e9n hidrata en distintas zonas del cuerpo, como brazos, rodillas y gl\u00fateos. Su versatilidad y capacidad para tratar tanto el rostro como el cuerpo lo convierten en una opci\u00f3n popular para aquellos que buscan una apariencia rejuvenecida sin someterse a cirug\u00eda.<\/p>\n\n\n\n<p id=\"viewer-4kdac\">La poderosa acci\u00f3n de <strong>Radiesse <\/strong>mejora la flacidez y recupera la firmeza y elasticidad de la piel, adapt\u00e1ndose a las necesidades de cada paciente. Al actuar como un andamio, activa los fibroblastos inactivos, generando la producci\u00f3n de nuevo col\u00e1geno y elastina que fortalecen y reconstruyen la piel desde dentro hacia fuera.<\/p>\n\n\n\n<p id=\"viewer-vqh0\">M\u00e1s all\u00e1 de su capacidad para reponer el col\u00e1geno perdido, <strong>Radiesse <\/strong>brinda un efecto lifting inmediato al aplicarse en \u00e1reas espec\u00edficas del rostro, mejorando la sustentaci\u00f3n de la piel y definiendo el contorno facial con resultados impactantes.<\/p>\n\n\n\n<p id=\"viewer-aiblb\">Cuando se trata del rejuvenecimiento de manos, <strong>Radiesse <\/strong>se destaca como el patr\u00f3n de oro en este tipo de tratamientos, garantizando excelentes resultados.<\/p>\n\n\n\n<h2 class=\"wp-block-heading\" id=\"viewer-2oig3\">Duraci\u00f3n de los efectos de Radiesse<\/h2>\n\n\n\n<p id=\"viewer-b1b41\"><strong>RADIESSE es bien tolerado y efectivo logrando resultados instant\u00e1neos y duraderos<\/strong>. Los efectos de Radiesse duran aproximadamente tres meses, durante los cuales se ralentiza el proceso de envejecimiento d\u00e9rmico. Al estimular el cuerpo para producir col\u00e1geno y elastina, <strong>Radiesse <\/strong>ayuda a revertir los signos del envejecimiento y aporta firmeza a la piel. Es importante recordar que, aunque sus efectos no son permanentes, Radiesse ofrece una soluci\u00f3n segura y efectiva para lograr una apariencia rejuvenecida.<\/p>\n","protected":false},"excerpt":{"rendered":"<p>En el mundo del rejuvenecimiento facial y corporal sin cirug\u00eda, tambi\u00e9n conocido como Procedimientos no quir\u00fargicos, Radiesse destaca como el l\u00edder #1 en inyectables. Este compuesto por hidroxiapatita c\u00e1lcica renueva tu piel de adentro hacia afuera por medio de la estimulaci\u00f3n de col\u00e1geno y ofrece resultados seguros y efectivos. En este art\u00edculo, exploraremos: en qu\u00e9 [&hellip;]<\/p>\n","protected":false},"author":1,"featured_media":1355,"comment_status":"open","ping_status":"open","sticky":false,"template":"","format":"standard","meta":{"_ppp_document_settings_meta":"","_jetpack_memberships_contains_paid_content":false,"footnotes":""},"categories":[1],"tags":[],"class_list":["post-1354","post","type-post","status-publish","format-standard","has-post-thumbnail","hentry","category-blog"],"yoast_head":"<!-- This site is optimized with the Yoast SEO plugin v22.8 - https:\/\/yoast.com\/wordpress\/plugins\/seo\/ -->\n<title>\u00bfYa no sientes tu piel lisa y el\u00e1stica? El Radiesse te puede ayudar - Dario Felipe Cabello<\/title>\n<meta name=\"robots\" content=\"index, follow, max-snippet:-1, max-image-preview:large, max-video-preview:-1\" \/>\n<link rel=\"canonical\" href=\"https:\/\/dariofelipecabello.com\/es\/ya-no-sientes-tu-piel-lisa-y-elastica-el-radiesse-te-puede-ayudar\/\" \/>\n<meta property=\"og:locale\" content=\"es_ES\" \/>\n<meta property=\"og:type\" content=\"article\" \/>\n<meta property=\"og:title\" content=\"\u00bfYa no sientes tu piel lisa y el\u00e1stica? El Radiesse te puede ayudar - Dario Felipe Cabello\" \/>\n<meta property=\"og:description\" content=\"En el mundo del rejuvenecimiento facial y corporal sin cirug\u00eda, tambi\u00e9n conocido como Procedimientos no quir\u00fargicos, Radiesse destaca como el l\u00edder #1 en inyectables. Este compuesto por hidroxiapatita c\u00e1lcica renueva tu piel de adentro hacia afuera por medio de la estimulaci\u00f3n de col\u00e1geno y ofrece resultados seguros y efectivos. En este art\u00edculo, exploraremos: en qu\u00e9 [&hellip;]\" \/>\n<meta property=\"og:url\" content=\"https:\/\/dariofelipecabello.com\/es\/ya-no-sientes-tu-piel-lisa-y-elastica-el-radiesse-te-puede-ayudar\/\" \/>\n<meta property=\"og:site_name\" content=\"Dario Felipe Cabello\" \/>\n<meta property=\"article:published_time\" content=\"2023-08-05T12:28:00+00:00\" \/>\n<meta property=\"article:modified_time\" content=\"2024-04-30T12:31:39+00:00\" \/>\n<meta property=\"og:image\" content=\"https:\/\/dariofelipecabello.com\/wp-content\/uploads\/2024\/04\/11062b_80fd4a7ca5434b9d9fd120fcbce9c017mv2.webp\" \/>\n\t<meta property=\"og:image:width\" content=\"740\" \/>\n\t<meta property=\"og:image:height\" content=\"494\" \/>\n\t<meta property=\"og:image:type\" content=\"image\/webp\" \/>\n<meta name=\"author\" content=\"dariofelipecabello.com\" \/>\n<meta name=\"twitter:card\" content=\"summary_large_image\" \/>\n<meta name=\"twitter:label1\" content=\"Escrito por\" \/>\n\t<meta name=\"twitter:data1\" content=\"dariofelipecabello.com\" \/>\n\t<meta name=\"twitter:label2\" content=\"Tiempo de lectura\" \/>\n\t<meta name=\"twitter:data2\" content=\"2 minutos\" \/>\n<script type=\"application\/ld+json\" class=\"yoast-schema-graph\">{\"@context\":\"https:\/\/schema.org\",\"@graph\":[{\"@type\":\"Article\",\"@id\":\"https:\/\/dariofelipecabello.com\/ya-no-sientes-tu-piel-lisa-y-elastica-el-radiesse-te-puede-ayudar\/#article\",\"isPartOf\":{\"@id\":\"https:\/\/dariofelipecabello.com\/ya-no-sientes-tu-piel-lisa-y-elastica-el-radiesse-te-puede-ayudar\/\"},\"author\":{\"name\":\"dariofelipecabello.com\",\"@id\":\"https:\/\/dariofelipecabello.com\/es\/#\/schema\/person\/3fdc12cd889f4bf5a7817f39c5ec14df\"},\"headline\":\"\u00bfYa no sientes tu piel lisa y el\u00e1stica? El Radiesse te puede ayudar\",\"datePublished\":\"2023-08-05T12:28:00+00:00\",\"dateModified\":\"2024-04-30T12:31:39+00:00\",\"mainEntityOfPage\":{\"@id\":\"https:\/\/dariofelipecabello.com\/ya-no-sientes-tu-piel-lisa-y-elastica-el-radiesse-te-puede-ayudar\/\"},\"wordCount\":481,\"commentCount\":0,\"publisher\":{\"@id\":\"https:\/\/dariofelipecabello.com\/es\/#organization\"},\"image\":{\"@id\":\"https:\/\/dariofelipecabello.com\/ya-no-sientes-tu-piel-lisa-y-elastica-el-radiesse-te-puede-ayudar\/#primaryimage\"},\"thumbnailUrl\":\"https:\/\/dariofelipecabello.com\/wp-content\/uploads\/2024\/04\/11062b_80fd4a7ca5434b9d9fd120fcbce9c017mv2.webp\",\"articleSection\":[\"Blog\"],\"inLanguage\":\"es-CO\",\"potentialAction\":[{\"@type\":\"CommentAction\",\"name\":\"Comment\",\"target\":[\"https:\/\/dariofelipecabello.com\/ya-no-sientes-tu-piel-lisa-y-elastica-el-radiesse-te-puede-ayudar\/#respond\"]}]},{\"@type\":\"WebPage\",\"@id\":\"https:\/\/dariofelipecabello.com\/ya-no-sientes-tu-piel-lisa-y-elastica-el-radiesse-te-puede-ayudar\/\",\"url\":\"https:\/\/dariofelipecabello.com\/ya-no-sientes-tu-piel-lisa-y-elastica-el-radiesse-te-puede-ayudar\/\",\"name\":\"\u00bfYa no sientes tu piel lisa y el\u00e1stica? El Radiesse te puede ayudar - Dario Felipe Cabello\",\"isPartOf\":{\"@id\":\"https:\/\/dariofelipecabello.com\/es\/#website\"},\"primaryImageOfPage\":{\"@id\":\"https:\/\/dariofelipecabello.com\/ya-no-sientes-tu-piel-lisa-y-elastica-el-radiesse-te-puede-ayudar\/#primaryimage\"},\"image\":{\"@id\":\"https:\/\/dariofelipecabello.com\/ya-no-sientes-tu-piel-lisa-y-elastica-el-radiesse-te-puede-ayudar\/#primaryimage\"},\"thumbnailUrl\":\"https:\/\/dariofelipecabello.com\/wp-content\/uploads\/2024\/04\/11062b_80fd4a7ca5434b9d9fd120fcbce9c017mv2.webp\",\"datePublished\":\"2023-08-05T12:28:00+00:00\",\"dateModified\":\"2024-04-30T12:31:39+00:00\",\"breadcrumb\":{\"@id\":\"https:\/\/dariofelipecabello.com\/ya-no-sientes-tu-piel-lisa-y-elastica-el-radiesse-te-puede-ayudar\/#breadcrumb\"},\"inLanguage\":\"es-CO\",\"potentialAction\":[{\"@type\":\"ReadAction\",\"target\":[\"https:\/\/dariofelipecabello.com\/ya-no-sientes-tu-piel-lisa-y-elastica-el-radiesse-te-puede-ayudar\/\"]}]},{\"@type\":\"ImageObject\",\"inLanguage\":\"es-CO\",\"@id\":\"https:\/\/dariofelipecabello.com\/ya-no-sientes-tu-piel-lisa-y-elastica-el-radiesse-te-puede-ayudar\/#primaryimage\",\"url\":\"https:\/\/dariofelipecabello.com\/wp-content\/uploads\/2024\/04\/11062b_80fd4a7ca5434b9d9fd120fcbce9c017mv2.webp\",\"contentUrl\":\"https:\/\/dariofelipecabello.com\/wp-content\/uploads\/2024\/04\/11062b_80fd4a7ca5434b9d9fd120fcbce9c017mv2.webp\",\"width\":740,\"height\":494},{\"@type\":\"BreadcrumbList\",\"@id\":\"https:\/\/dariofelipecabello.com\/ya-no-sientes-tu-piel-lisa-y-elastica-el-radiesse-te-puede-ayudar\/#breadcrumb\",\"itemListElement\":[{\"@type\":\"ListItem\",\"position\":1,\"name\":\"Portada\",\"item\":\"https:\/\/dariofelipecabello.com\/\"},{\"@type\":\"ListItem\",\"position\":2,\"name\":\"\u00bfYa no sientes tu piel lisa y el\u00e1stica? El Radiesse te puede ayudar\"}]},{\"@type\":\"WebSite\",\"@id\":\"https:\/\/dariofelipecabello.com\/es\/#website\",\"url\":\"https:\/\/dariofelipecabello.com\/es\/\",\"name\":\"Dario Felipe Cabello\",\"description\":\"Keep it Natural\",\"publisher\":{\"@id\":\"https:\/\/dariofelipecabello.com\/es\/#organization\"},\"potentialAction\":[{\"@type\":\"SearchAction\",\"target\":{\"@type\":\"EntryPoint\",\"urlTemplate\":\"https:\/\/dariofelipecabello.com\/es\/?s={search_term_string}\"},\"query-input\":\"required name=search_term_string\"}],\"inLanguage\":\"es-CO\"},{\"@type\":\"Organization\",\"@id\":\"https:\/\/dariofelipecabello.com\/es\/#organization\",\"name\":\"Dario Felipe Cabello\",\"url\":\"https:\/\/dariofelipecabello.com\/es\/\",\"logo\":{\"@type\":\"ImageObject\",\"inLanguage\":\"es-CO\",\"@id\":\"https:\/\/dariofelipecabello.com\/es\/#\/schema\/logo\/image\/\",\"url\":\"https:\/\/dariofelipecabello.com\/wp-content\/uploads\/2024\/03\/Logo-DFC-Color.png\",\"contentUrl\":\"https:\/\/dariofelipecabello.com\/wp-content\/uploads\/2024\/03\/Logo-DFC-Color.png\",\"width\":997,\"height\":412,\"caption\":\"Dario Felipe Cabello\"},\"image\":{\"@id\":\"https:\/\/dariofelipecabello.com\/es\/#\/schema\/logo\/image\/\"},\"sameAs\":[\"https:\/\/www.instagram.com\/dariofcabello\",\"https:\/\/www.instagram.com\/plasticabello\"]},{\"@type\":\"Person\",\"@id\":\"https:\/\/dariofelipecabello.com\/es\/#\/schema\/person\/3fdc12cd889f4bf5a7817f39c5ec14df\",\"name\":\"dariofelipecabello.com\",\"image\":{\"@type\":\"ImageObject\",\"inLanguage\":\"es-CO\",\"@id\":\"https:\/\/dariofelipecabello.com\/es\/#\/schema\/person\/image\/\",\"url\":\"https:\/\/secure.gravatar.com\/avatar\/e2c64b2dfbc74084f6e3242b509db17c?s=96&d=mm&r=g\",\"contentUrl\":\"https:\/\/secure.gravatar.com\/avatar\/e2c64b2dfbc74084f6e3242b509db17c?s=96&d=mm&r=g\",\"caption\":\"dariofelipecabello.com\"},\"sameAs\":[\"http:\/\/dariofelipecabello.com\"],\"url\":\"https:\/\/dariofelipecabello.com\/es\/author\/dariofelipecabello-com\/\"}]}<\/script>\n<!-- \/ Yoast SEO plugin. -->","yoast_head_json":{"title":"\u00bfYa no sientes tu piel lisa y el\u00e1stica? El Radiesse te puede ayudar - Dario Felipe Cabello","robots":{"index":"index","follow":"follow","max-snippet":"max-snippet:-1","max-image-preview":"max-image-preview:large","max-video-preview":"max-video-preview:-1"},"canonical":"https:\/\/dariofelipecabello.com\/es\/ya-no-sientes-tu-piel-lisa-y-elastica-el-radiesse-te-puede-ayudar\/","og_locale":"es_ES","og_type":"article","og_title":"\u00bfYa no sientes tu piel lisa y el\u00e1stica? El Radiesse te puede ayudar - Dario Felipe Cabello","og_description":"En el mundo del rejuvenecimiento facial y corporal sin cirug\u00eda, tambi\u00e9n conocido como Procedimientos no quir\u00fargicos, Radiesse destaca como el l\u00edder #1 en inyectables. Este compuesto por hidroxiapatita c\u00e1lcica renueva tu piel de adentro hacia afuera por medio de la estimulaci\u00f3n de col\u00e1geno y ofrece resultados seguros y efectivos. En este art\u00edculo, exploraremos: en qu\u00e9 [&hellip;]","og_url":"https:\/\/dariofelipecabello.com\/es\/ya-no-sientes-tu-piel-lisa-y-elastica-el-radiesse-te-puede-ayudar\/","og_site_name":"Dario Felipe Cabello","article_published_time":"2023-08-05T12:28:00+00:00","article_modified_time":"2024-04-30T12:31:39+00:00","og_image":[{"width":740,"height":494,"url":"https:\/\/dariofelipecabello.com\/wp-content\/uploads\/2024\/04\/11062b_80fd4a7ca5434b9d9fd120fcbce9c017mv2.webp","type":"image\/webp"}],"author":"dariofelipecabello.com","twitter_card":"summary_large_image","twitter_misc":{"Escrito por":"dariofelipecabello.com","Tiempo de lectura":"2 minutos"},"schema":{"@context":"https:\/\/schema.org","@graph":[{"@type":"Article","@id":"https:\/\/dariofelipecabello.com\/ya-no-sientes-tu-piel-lisa-y-elastica-el-radiesse-te-puede-ayudar\/#article","isPartOf":{"@id":"https:\/\/dariofelipecabello.com\/ya-no-sientes-tu-piel-lisa-y-elastica-el-radiesse-te-puede-ayudar\/"},"author":{"name":"dariofelipecabello.com","@id":"https:\/\/dariofelipecabello.com\/es\/#\/schema\/person\/3fdc12cd889f4bf5a7817f39c5ec14df"},"headline":"\u00bfYa no sientes tu piel lisa y el\u00e1stica? El Radiesse te puede ayudar","datePublished":"2023-08-05T12:28:00+00:00","dateModified":"2024-04-30T12:31:39+00:00","mainEntityOfPage":{"@id":"https:\/\/dariofelipecabello.com\/ya-no-sientes-tu-piel-lisa-y-elastica-el-radiesse-te-puede-ayudar\/"},"wordCount":481,"commentCount":0,"publisher":{"@id":"https:\/\/dariofelipecabello.com\/es\/#organization"},"image":{"@id":"https:\/\/dariofelipecabello.com\/ya-no-sientes-tu-piel-lisa-y-elastica-el-radiesse-te-puede-ayudar\/#primaryimage"},"thumbnailUrl":"https:\/\/dariofelipecabello.com\/wp-content\/uploads\/2024\/04\/11062b_80fd4a7ca5434b9d9fd120fcbce9c017mv2.webp","articleSection":["Blog"],"inLanguage":"es-CO","potentialAction":[{"@type":"CommentAction","name":"Comment","target":["https:\/\/dariofelipecabello.com\/ya-no-sientes-tu-piel-lisa-y-elastica-el-radiesse-te-puede-ayudar\/#respond"]}]},{"@type":"WebPage","@id":"https:\/\/dariofelipecabello.com\/ya-no-sientes-tu-piel-lisa-y-elastica-el-radiesse-te-puede-ayudar\/","url":"https:\/\/dariofelipecabello.com\/ya-no-sientes-tu-piel-lisa-y-elastica-el-radiesse-te-puede-ayudar\/","name":"\u00bfYa no sientes tu piel lisa y el\u00e1stica? El Radiesse te puede ayudar - Dario Felipe Cabello","isPartOf":{"@id":"https:\/\/dariofelipecabello.com\/es\/#website"},"primaryImageOfPage":{"@id":"https:\/\/dariofelipecabello.com\/ya-no-sientes-tu-piel-lisa-y-elastica-el-radiesse-te-puede-ayudar\/#primaryimage"},"image":{"@id":"https:\/\/dariofelipecabello.com\/ya-no-sientes-tu-piel-lisa-y-elastica-el-radiesse-te-puede-ayudar\/#primaryimage"},"thumbnailUrl":"https:\/\/dariofelipecabello.com\/wp-content\/uploads\/2024\/04\/11062b_80fd4a7ca5434b9d9fd120fcbce9c017mv2.webp","datePublished":"2023-08-05T12:28:00+00:00","dateModified":"2024-04-30T12:31:39+00:00","breadcrumb":{"@id":"https:\/\/dariofelipecabello.com\/ya-no-sientes-tu-piel-lisa-y-elastica-el-radiesse-te-puede-ayudar\/#breadcrumb"},"inLanguage":"es-CO","potentialAction":[{"@type":"ReadAction","target":["https:\/\/dariofelipecabello.com\/ya-no-sientes-tu-piel-lisa-y-elastica-el-radiesse-te-puede-ayudar\/"]}]},{"@type":"ImageObject","inLanguage":"es-CO","@id":"https:\/\/dariofelipecabello.com\/ya-no-sientes-tu-piel-lisa-y-elastica-el-radiesse-te-puede-ayudar\/#primaryimage","url":"https:\/\/dariofelipecabello.com\/wp-content\/uploads\/2024\/04\/11062b_80fd4a7ca5434b9d9fd120fcbce9c017mv2.webp","contentUrl":"https:\/\/dariofelipecabello.com\/wp-content\/uploads\/2024\/04\/11062b_80fd4a7ca5434b9d9fd120fcbce9c017mv2.webp","width":740,"height":494},{"@type":"BreadcrumbList","@id":"https:\/\/dariofelipecabello.com\/ya-no-sientes-tu-piel-lisa-y-elastica-el-radiesse-te-puede-ayudar\/#breadcrumb","itemListElement":[{"@type":"ListItem","position":1,"name":"Portada","item":"https:\/\/dariofelipecabello.com\/"},{"@type":"ListItem","position":2,"name":"\u00bfYa no sientes tu piel lisa y el\u00e1stica? El Radiesse te puede ayudar"}]},{"@type":"WebSite","@id":"https:\/\/dariofelipecabello.com\/es\/#website","url":"https:\/\/dariofelipecabello.com\/es\/","name":"Dario Felipe Cabello","description":"Keep it Natural","publisher":{"@id":"https:\/\/dariofelipecabello.com\/es\/#organization"},"potentialAction":[{"@type":"SearchAction","target":{"@type":"EntryPoint","urlTemplate":"https:\/\/dariofelipecabello.com\/es\/?s={search_term_string}"},"query-input":"required name=search_term_string"}],"inLanguage":"es-CO"},{"@type":"Organization","@id":"https:\/\/dariofelipecabello.com\/es\/#organization","name":"Dario Felipe Cabello","url":"https:\/\/dariofelipecabello.com\/es\/","logo":{"@type":"ImageObject","inLanguage":"es-CO","@id":"https:\/\/dariofelipecabello.com\/es\/#\/schema\/logo\/image\/","url":"https:\/\/dariofelipecabello.com\/wp-content\/uploads\/2024\/03\/Logo-DFC-Color.png","contentUrl":"https:\/\/dariofelipecabello.com\/wp-content\/uploads\/2024\/03\/Logo-DFC-Color.png","width":997,"height":412,"caption":"Dario Felipe Cabello"},"image":{"@id":"https:\/\/dariofelipecabello.com\/es\/#\/schema\/logo\/image\/"},"sameAs":["https:\/\/www.instagram.com\/dariofcabello","https:\/\/www.instagram.com\/plasticabello"]},{"@type":"Person","@id":"https:\/\/dariofelipecabello.com\/es\/#\/schema\/person\/3fdc12cd889f4bf5a7817f39c5ec14df","name":"dariofelipecabello.com","image":{"@type":"ImageObject","inLanguage":"es-CO","@id":"https:\/\/dariofelipecabello.com\/es\/#\/schema\/person\/image\/","url":"https:\/\/secure.gravatar.com\/avatar\/e2c64b2dfbc74084f6e3242b509db17c?s=96&d=mm&r=g","contentUrl":"https:\/\/secure.gravatar.com\/avatar\/e2c64b2dfbc74084f6e3242b509db17c?s=96&d=mm&r=g","caption":"dariofelipecabello.com"},"sameAs":["http:\/\/dariofelipecabello.com"],"url":"https:\/\/dariofelipecabello.com\/es\/author\/dariofelipecabello-com\/"}]}},"jetpack_sharing_enabled":true,"jetpack_featured_media_url":"https:\/\/dariofelipecabello.com\/wp-content\/uploads\/2024\/04\/11062b_80fd4a7ca5434b9d9fd120fcbce9c017mv2.webp","_links":{"self":[{"href":"https:\/\/dariofelipecabello.com\/es\/wp-json\/wp\/v2\/posts\/1354","targetHints":{"allow":["GET"]}}],"collection":[{"href":"https:\/\/dariofelipecabello.com\/es\/wp-json\/wp\/v2\/posts"}],"about":[{"href":"https:\/\/dariofelipecabello.com\/es\/wp-json\/wp\/v2\/types\/post"}],"author":[{"embeddable":true,"href":"https:\/\/dariofelipecabello.com\/es\/wp-json\/wp\/v2\/users\/1"}],"replies":[{"embeddable":true,"href":"https:\/\/dariofelipecabello.com\/es\/wp-json\/wp\/v2\/comments?post=1354"}],"version-history":[{"count":1,"href":"https:\/\/dariofelipecabello.com\/es\/wp-json\/wp\/v2\/posts\/1354\/revisions"}],"predecessor-version":[{"id":1356,"href":"https:\/\/dariofelipecabello.com\/es\/wp-json\/wp\/v2\/posts\/1354\/revisions\/1356"}],"wp:featuredmedia":[{"embeddable":true,"href":"https:\/\/dariofelipecabello.com\/es\/wp-json\/wp\/v2\/media\/1355"}],"wp:attachment":[{"href":"https:\/\/dariofelipecabello.com\/es\/wp-json\/wp\/v2\/media?parent=1354"}],"wp:term":[{"taxonomy":"category","embeddable":true,"href":"https:\/\/dariofelipecabello.com\/es\/wp-json\/wp\/v2\/categories?post=1354"},{"taxonomy":"post_tag","embeddable":true,"href":"https:\/\/dariofelipecabello.com\/es\/wp-json\/wp\/v2\/tags?post=1354"}],"curies":[{"name":"wp","href":"https:\/\/api.w.org\/{rel}","templated":true}]}}