{"id":1888,"date":"2024-06-07T14:31:50","date_gmt":"2024-06-07T19:31:50","guid":{"rendered":"https:\/\/dariofelipecabello.com\/?p=1888"},"modified":"2024-06-08T09:17:00","modified_gmt":"2024-06-08T14:17:00","slug":"sueroterapia-reforzada-con-ozono-hidratacion-y-revitalizacion-potenciadas","status":"publish","type":"post","link":"https:\/\/dariofelipecabello.com\/es\/sueroterapia-reforzada-con-ozono-hidratacion-y-revitalizacion-potenciadas\/","title":{"rendered":"Ozonoterapia: Una Alternativa Terap\u00e9utica Natural y Efectiva"},"content":{"rendered":"\n<figure class=\"wp-block-image size-large\"><img fetchpriority=\"high\" decoding=\"async\" width=\"1024\" height=\"683\" src=\"https:\/\/dariofelipecabello.com\/wp-content\/uploads\/2024\/03\/photo_2024-03-25-15.32.27-1024x683.jpeg\" alt=\"\" class=\"wp-image-328\" srcset=\"https:\/\/dariofelipecabello.com\/wp-content\/uploads\/2024\/03\/photo_2024-03-25-15.32.27-1024x683.jpeg 1024w, https:\/\/dariofelipecabello.com\/wp-content\/uploads\/2024\/03\/photo_2024-03-25-15.32.27-300x200.jpeg 300w, https:\/\/dariofelipecabello.com\/wp-content\/uploads\/2024\/03\/photo_2024-03-25-15.32.27-768x512.jpeg 768w, https:\/\/dariofelipecabello.com\/wp-content\/uploads\/2024\/03\/photo_2024-03-25-15.32.27.jpeg 1280w\" sizes=\"(max-width: 1024px) 100vw, 1024px\" \/><\/figure>\n\n\n\n<p>En el mundo de la medicina complementaria, la ozonoterapia ha ganado cada vez m\u00e1s reconocimiento como un tratamiento viable para diversas afecciones. Esta innovadora terapia utiliza el ozono (O3), una forma gaseosa del ox\u00edgeno, de forma controlada y segura para aprovechar sus incre\u00edbles propiedades curativas.<\/p>\n\n\n\n<h2 class=\"wp-block-heading\"><strong>\u00bfQu\u00e9 es el ozono y c\u00f3mo act\u00faa?<\/strong><\/h2>\n\n\n\n<p>El ozono es un gas incoloro con un olor caracter\u00edstico que se encuentra de forma natural en las capas m\u00e1s altas de la atm\u00f3sfera terrestre. A niveles regulados, este potente oxidante tiene la capacidad de modular el sistema inmunol\u00f3gico, mejorar la circulaci\u00f3n sangu\u00ednea y combatir infecciones, inflamaciones y otros trastornos.<\/p>\n\n\n\n<h2 class=\"wp-block-heading\"><strong>Aplicaciones de la Ozonoterapia<\/strong><\/h2>\n\n\n\n<p>Esta terapia se ha utilizado con \u00e9xito en el tratamiento de diversas dolencias, incluyendo:<\/p>\n\n\n\n<p>&#8211; Enfermedades autoinmunes como artritis reumatoide y lupus<\/p>\n\n\n\n<p>&#8211; Trastornos circulatorios y cardiovasculares<\/p>\n\n\n\n<p>&#8211; Problemas cut\u00e1neos como acn\u00e9, heridas, \u00falceras y pie diab\u00e9tico<\/p>\n\n\n\n<p>&#8211; Infecciones bacterianas, v\u00edricas y f\u00fangicas<\/p>\n\n\n\n<p>&#8211; Enfermedades neurodegenerativas como Alzheimer y Parkinson<\/p>\n\n\n\n<p>&#8211; Fatiga cr\u00f3nica y fibromialgia<\/p>\n\n\n\n<p>&#8211; Rehabilitaci\u00f3n de lesiones deportivas<\/p>\n\n\n\n<h2 class=\"wp-block-heading\"><strong>Beneficios de la Ozonoterapia<\/strong><\/h2>\n\n\n\n<p>Adem\u00e1s de su eficacia terap\u00e9utica, la ozonoterapia tiene varias ventajas sobre algunos tratamientos farmacol\u00f3gicos:<\/p>\n\n\n\n<p>&#8211; Es m\u00ednimamente invasiva (se administra v\u00eda sangu\u00ednea, intramuscular, subcut\u00e1nea o autohemoterapia)<\/p>\n\n\n\n<p>&#8211; Promueve la desintoxicaci\u00f3n y regeneraci\u00f3n de tejidos<\/p>\n\n\n\n<p>&#8211; No produce efectos secundarios graves ni es alerg\u00e9nica<\/p>\n\n\n\n<p>&#8211; Es m\u00e1s econ\u00f3mica que muchos medicamentos<\/p>\n\n\n\n<p>&#8211; Se puede combinar con otras terapias complementarias<\/p>\n\n\n\n<p>Si buscas una alternativa integrativa, natural y efectiva para tratar diversas dolencias o mejorar tu calidad de vida, la ozonoterapia podr\u00eda ser una excelente opci\u00f3n a explorar de la mano de especialistas expertos. El poder curativo del ox\u00edgeno podr\u00eda ser tu camino hacia el bienestar renovado.<\/p>\n","protected":false},"excerpt":{"rendered":"<p>En el mundo de la medicina complementaria, la ozonoterapia ha ganado cada vez m\u00e1s reconocimiento como un tratamiento viable para diversas afecciones. Esta innovadora terapia utiliza el ozono (O3), una forma gaseosa del ox\u00edgeno, de forma controlada y segura para aprovechar sus incre\u00edbles propiedades curativas. \u00bfQu\u00e9 es el ozono y c\u00f3mo act\u00faa? El ozono es [&hellip;]<\/p>\n","protected":false},"author":1,"featured_media":328,"comment_status":"open","ping_status":"open","sticky":false,"template":"","format":"standard","meta":{"_ppp_document_settings_meta":"","_jetpack_memberships_contains_paid_content":false,"footnotes":""},"categories":[1],"tags":[],"class_list":["post-1888","post","type-post","status-publish","format-standard","has-post-thumbnail","hentry","category-blog"],"yoast_head":"<!-- This site is optimized with the Yoast SEO plugin v22.8 - https:\/\/yoast.com\/wordpress\/plugins\/seo\/ -->\n<title>Ozonoterapia: Una Alternativa Terap\u00e9utica Natural y Efectiva - Dario Felipe Cabello<\/title>\n<meta name=\"robots\" content=\"index, follow, max-snippet:-1, max-image-preview:large, max-video-preview:-1\" \/>\n<link rel=\"canonical\" href=\"https:\/\/dariofelipecabello.com\/es\/sueroterapia-reforzada-con-ozono-hidratacion-y-revitalizacion-potenciadas\/\" \/>\n<meta property=\"og:locale\" content=\"es_ES\" \/>\n<meta property=\"og:type\" content=\"article\" \/>\n<meta property=\"og:title\" content=\"Ozonoterapia: Una Alternativa Terap\u00e9utica Natural y Efectiva - Dario Felipe Cabello\" \/>\n<meta property=\"og:description\" content=\"En el mundo de la medicina complementaria, la ozonoterapia ha ganado cada vez m\u00e1s reconocimiento como un tratamiento viable para diversas afecciones. Esta innovadora terapia utiliza el ozono (O3), una forma gaseosa del ox\u00edgeno, de forma controlada y segura para aprovechar sus incre\u00edbles propiedades curativas. \u00bfQu\u00e9 es el ozono y c\u00f3mo act\u00faa? El ozono es [&hellip;]\" \/>\n<meta property=\"og:url\" content=\"https:\/\/dariofelipecabello.com\/es\/sueroterapia-reforzada-con-ozono-hidratacion-y-revitalizacion-potenciadas\/\" \/>\n<meta property=\"og:site_name\" content=\"Dario Felipe Cabello\" \/>\n<meta property=\"article:published_time\" content=\"2024-06-07T19:31:50+00:00\" \/>\n<meta property=\"article:modified_time\" content=\"2024-06-08T14:17:00+00:00\" \/>\n<meta property=\"og:image\" content=\"https:\/\/dariofelipecabello.com\/wp-content\/uploads\/2024\/03\/photo_2024-03-25-15.32.27.jpeg\" \/>\n\t<meta property=\"og:image:width\" content=\"1280\" \/>\n\t<meta property=\"og:image:height\" content=\"854\" \/>\n\t<meta property=\"og:image:type\" content=\"image\/jpeg\" \/>\n<meta name=\"author\" content=\"dariofelipecabello.com\" \/>\n<meta name=\"twitter:card\" content=\"summary_large_image\" \/>\n<meta name=\"twitter:label1\" content=\"Escrito por\" \/>\n\t<meta name=\"twitter:data1\" content=\"dariofelipecabello.com\" \/>\n\t<meta name=\"twitter:label2\" content=\"Tiempo de lectura\" \/>\n\t<meta name=\"twitter:data2\" content=\"2 minutos\" \/>\n<script type=\"application\/ld+json\" class=\"yoast-schema-graph\">{\"@context\":\"https:\/\/schema.org\",\"@graph\":[{\"@type\":\"Article\",\"@id\":\"https:\/\/dariofelipecabello.com\/sueroterapia-reforzada-con-ozono-hidratacion-y-revitalizacion-potenciadas\/#article\",\"isPartOf\":{\"@id\":\"https:\/\/dariofelipecabello.com\/sueroterapia-reforzada-con-ozono-hidratacion-y-revitalizacion-potenciadas\/\"},\"author\":{\"name\":\"dariofelipecabello.com\",\"@id\":\"https:\/\/dariofelipecabello.com\/es\/#\/schema\/person\/3fdc12cd889f4bf5a7817f39c5ec14df\"},\"headline\":\"Ozonoterapia: Una Alternativa Terap\u00e9utica Natural y Efectiva\",\"datePublished\":\"2024-06-07T19:31:50+00:00\",\"dateModified\":\"2024-06-08T14:17:00+00:00\",\"mainEntityOfPage\":{\"@id\":\"https:\/\/dariofelipecabello.com\/sueroterapia-reforzada-con-ozono-hidratacion-y-revitalizacion-potenciadas\/\"},\"wordCount\":315,\"commentCount\":0,\"publisher\":{\"@id\":\"https:\/\/dariofelipecabello.com\/es\/#organization\"},\"image\":{\"@id\":\"https:\/\/dariofelipecabello.com\/sueroterapia-reforzada-con-ozono-hidratacion-y-revitalizacion-potenciadas\/#primaryimage\"},\"thumbnailUrl\":\"https:\/\/dariofelipecabello.com\/wp-content\/uploads\/2024\/03\/photo_2024-03-25-15.32.27.jpeg\",\"articleSection\":[\"Blog\"],\"inLanguage\":\"es-CO\",\"potentialAction\":[{\"@type\":\"CommentAction\",\"name\":\"Comment\",\"target\":[\"https:\/\/dariofelipecabello.com\/sueroterapia-reforzada-con-ozono-hidratacion-y-revitalizacion-potenciadas\/#respond\"]}]},{\"@type\":\"WebPage\",\"@id\":\"https:\/\/dariofelipecabello.com\/sueroterapia-reforzada-con-ozono-hidratacion-y-revitalizacion-potenciadas\/\",\"url\":\"https:\/\/dariofelipecabello.com\/sueroterapia-reforzada-con-ozono-hidratacion-y-revitalizacion-potenciadas\/\",\"name\":\"Ozonoterapia: Una Alternativa Terap\u00e9utica Natural y Efectiva - Dario Felipe Cabello\",\"isPartOf\":{\"@id\":\"https:\/\/dariofelipecabello.com\/es\/#website\"},\"primaryImageOfPage\":{\"@id\":\"https:\/\/dariofelipecabello.com\/sueroterapia-reforzada-con-ozono-hidratacion-y-revitalizacion-potenciadas\/#primaryimage\"},\"image\":{\"@id\":\"https:\/\/dariofelipecabello.com\/sueroterapia-reforzada-con-ozono-hidratacion-y-revitalizacion-potenciadas\/#primaryimage\"},\"thumbnailUrl\":\"https:\/\/dariofelipecabello.com\/wp-content\/uploads\/2024\/03\/photo_2024-03-25-15.32.27.jpeg\",\"datePublished\":\"2024-06-07T19:31:50+00:00\",\"dateModified\":\"2024-06-08T14:17:00+00:00\",\"breadcrumb\":{\"@id\":\"https:\/\/dariofelipecabello.com\/sueroterapia-reforzada-con-ozono-hidratacion-y-revitalizacion-potenciadas\/#breadcrumb\"},\"inLanguage\":\"es-CO\",\"potentialAction\":[{\"@type\":\"ReadAction\",\"target\":[\"https:\/\/dariofelipecabello.com\/sueroterapia-reforzada-con-ozono-hidratacion-y-revitalizacion-potenciadas\/\"]}]},{\"@type\":\"ImageObject\",\"inLanguage\":\"es-CO\",\"@id\":\"https:\/\/dariofelipecabello.com\/sueroterapia-reforzada-con-ozono-hidratacion-y-revitalizacion-potenciadas\/#primaryimage\",\"url\":\"https:\/\/dariofelipecabello.com\/wp-content\/uploads\/2024\/03\/photo_2024-03-25-15.32.27.jpeg\",\"contentUrl\":\"https:\/\/dariofelipecabello.com\/wp-content\/uploads\/2024\/03\/photo_2024-03-25-15.32.27.jpeg\",\"width\":1280,\"height\":854},{\"@type\":\"BreadcrumbList\",\"@id\":\"https:\/\/dariofelipecabello.com\/sueroterapia-reforzada-con-ozono-hidratacion-y-revitalizacion-potenciadas\/#breadcrumb\",\"itemListElement\":[{\"@type\":\"ListItem\",\"position\":1,\"name\":\"Portada\",\"item\":\"https:\/\/dariofelipecabello.com\/\"},{\"@type\":\"ListItem\",\"position\":2,\"name\":\"Ozonoterapia: Una Alternativa Terap\u00e9utica Natural y Efectiva\"}]},{\"@type\":\"WebSite\",\"@id\":\"https:\/\/dariofelipecabello.com\/es\/#website\",\"url\":\"https:\/\/dariofelipecabello.com\/es\/\",\"name\":\"Dario Felipe Cabello\",\"description\":\"Keep it Natural\",\"publisher\":{\"@id\":\"https:\/\/dariofelipecabello.com\/es\/#organization\"},\"potentialAction\":[{\"@type\":\"SearchAction\",\"target\":{\"@type\":\"EntryPoint\",\"urlTemplate\":\"https:\/\/dariofelipecabello.com\/es\/?s={search_term_string}\"},\"query-input\":\"required name=search_term_string\"}],\"inLanguage\":\"es-CO\"},{\"@type\":\"Organization\",\"@id\":\"https:\/\/dariofelipecabello.com\/es\/#organization\",\"name\":\"Dario Felipe Cabello\",\"url\":\"https:\/\/dariofelipecabello.com\/es\/\",\"logo\":{\"@type\":\"ImageObject\",\"inLanguage\":\"es-CO\",\"@id\":\"https:\/\/dariofelipecabello.com\/es\/#\/schema\/logo\/image\/\",\"url\":\"https:\/\/dariofelipecabello.com\/wp-content\/uploads\/2024\/03\/Logo-DFC-Color.png\",\"contentUrl\":\"https:\/\/dariofelipecabello.com\/wp-content\/uploads\/2024\/03\/Logo-DFC-Color.png\",\"width\":997,\"height\":412,\"caption\":\"Dario Felipe Cabello\"},\"image\":{\"@id\":\"https:\/\/dariofelipecabello.com\/es\/#\/schema\/logo\/image\/\"},\"sameAs\":[\"https:\/\/www.instagram.com\/dariofcabello\",\"https:\/\/www.instagram.com\/plasticabello\"]},{\"@type\":\"Person\",\"@id\":\"https:\/\/dariofelipecabello.com\/es\/#\/schema\/person\/3fdc12cd889f4bf5a7817f39c5ec14df\",\"name\":\"dariofelipecabello.com\",\"image\":{\"@type\":\"ImageObject\",\"inLanguage\":\"es-CO\",\"@id\":\"https:\/\/dariofelipecabello.com\/es\/#\/schema\/person\/image\/\",\"url\":\"https:\/\/secure.gravatar.com\/avatar\/e2c64b2dfbc74084f6e3242b509db17c?s=96&d=mm&r=g\",\"contentUrl\":\"https:\/\/secure.gravatar.com\/avatar\/e2c64b2dfbc74084f6e3242b509db17c?s=96&d=mm&r=g\",\"caption\":\"dariofelipecabello.com\"},\"sameAs\":[\"http:\/\/dariofelipecabello.com\"],\"url\":\"https:\/\/dariofelipecabello.com\/es\/author\/dariofelipecabello-com\/\"}]}<\/script>\n<!-- \/ Yoast SEO plugin. -->","yoast_head_json":{"title":"Ozonoterapia: Una Alternativa Terap\u00e9utica Natural y Efectiva - Dario Felipe Cabello","robots":{"index":"index","follow":"follow","max-snippet":"max-snippet:-1","max-image-preview":"max-image-preview:large","max-video-preview":"max-video-preview:-1"},"canonical":"https:\/\/dariofelipecabello.com\/es\/sueroterapia-reforzada-con-ozono-hidratacion-y-revitalizacion-potenciadas\/","og_locale":"es_ES","og_type":"article","og_title":"Ozonoterapia: Una Alternativa Terap\u00e9utica Natural y Efectiva - Dario Felipe Cabello","og_description":"En el mundo de la medicina complementaria, la ozonoterapia ha ganado cada vez m\u00e1s reconocimiento como un tratamiento viable para diversas afecciones. Esta innovadora terapia utiliza el ozono (O3), una forma gaseosa del ox\u00edgeno, de forma controlada y segura para aprovechar sus incre\u00edbles propiedades curativas. \u00bfQu\u00e9 es el ozono y c\u00f3mo act\u00faa? El ozono es [&hellip;]","og_url":"https:\/\/dariofelipecabello.com\/es\/sueroterapia-reforzada-con-ozono-hidratacion-y-revitalizacion-potenciadas\/","og_site_name":"Dario Felipe Cabello","article_published_time":"2024-06-07T19:31:50+00:00","article_modified_time":"2024-06-08T14:17:00+00:00","og_image":[{"width":1280,"height":854,"url":"https:\/\/dariofelipecabello.com\/wp-content\/uploads\/2024\/03\/photo_2024-03-25-15.32.27.jpeg","type":"image\/jpeg"}],"author":"dariofelipecabello.com","twitter_card":"summary_large_image","twitter_misc":{"Escrito por":"dariofelipecabello.com","Tiempo de lectura":"2 minutos"},"schema":{"@context":"https:\/\/schema.org","@graph":[{"@type":"Article","@id":"https:\/\/dariofelipecabello.com\/sueroterapia-reforzada-con-ozono-hidratacion-y-revitalizacion-potenciadas\/#article","isPartOf":{"@id":"https:\/\/dariofelipecabello.com\/sueroterapia-reforzada-con-ozono-hidratacion-y-revitalizacion-potenciadas\/"},"author":{"name":"dariofelipecabello.com","@id":"https:\/\/dariofelipecabello.com\/es\/#\/schema\/person\/3fdc12cd889f4bf5a7817f39c5ec14df"},"headline":"Ozonoterapia: Una Alternativa Terap\u00e9utica Natural y Efectiva","datePublished":"2024-06-07T19:31:50+00:00","dateModified":"2024-06-08T14:17:00+00:00","mainEntityOfPage":{"@id":"https:\/\/dariofelipecabello.com\/sueroterapia-reforzada-con-ozono-hidratacion-y-revitalizacion-potenciadas\/"},"wordCount":315,"commentCount":0,"publisher":{"@id":"https:\/\/dariofelipecabello.com\/es\/#organization"},"image":{"@id":"https:\/\/dariofelipecabello.com\/sueroterapia-reforzada-con-ozono-hidratacion-y-revitalizacion-potenciadas\/#primaryimage"},"thumbnailUrl":"https:\/\/dariofelipecabello.com\/wp-content\/uploads\/2024\/03\/photo_2024-03-25-15.32.27.jpeg","articleSection":["Blog"],"inLanguage":"es-CO","potentialAction":[{"@type":"CommentAction","name":"Comment","target":["https:\/\/dariofelipecabello.com\/sueroterapia-reforzada-con-ozono-hidratacion-y-revitalizacion-potenciadas\/#respond"]}]},{"@type":"WebPage","@id":"https:\/\/dariofelipecabello.com\/sueroterapia-reforzada-con-ozono-hidratacion-y-revitalizacion-potenciadas\/","url":"https:\/\/dariofelipecabello.com\/sueroterapia-reforzada-con-ozono-hidratacion-y-revitalizacion-potenciadas\/","name":"Ozonoterapia: Una Alternativa Terap\u00e9utica Natural y Efectiva - Dario Felipe Cabello","isPartOf":{"@id":"https:\/\/dariofelipecabello.com\/es\/#website"},"primaryImageOfPage":{"@id":"https:\/\/dariofelipecabello.com\/sueroterapia-reforzada-con-ozono-hidratacion-y-revitalizacion-potenciadas\/#primaryimage"},"image":{"@id":"https:\/\/dariofelipecabello.com\/sueroterapia-reforzada-con-ozono-hidratacion-y-revitalizacion-potenciadas\/#primaryimage"},"thumbnailUrl":"https:\/\/dariofelipecabello.com\/wp-content\/uploads\/2024\/03\/photo_2024-03-25-15.32.27.jpeg","datePublished":"2024-06-07T19:31:50+00:00","dateModified":"2024-06-08T14:17:00+00:00","breadcrumb":{"@id":"https:\/\/dariofelipecabello.com\/sueroterapia-reforzada-con-ozono-hidratacion-y-revitalizacion-potenciadas\/#breadcrumb"},"inLanguage":"es-CO","potentialAction":[{"@type":"ReadAction","target":["https:\/\/dariofelipecabello.com\/sueroterapia-reforzada-con-ozono-hidratacion-y-revitalizacion-potenciadas\/"]}]},{"@type":"ImageObject","inLanguage":"es-CO","@id":"https:\/\/dariofelipecabello.com\/sueroterapia-reforzada-con-ozono-hidratacion-y-revitalizacion-potenciadas\/#primaryimage","url":"https:\/\/dariofelipecabello.com\/wp-content\/uploads\/2024\/03\/photo_2024-03-25-15.32.27.jpeg","contentUrl":"https:\/\/dariofelipecabello.com\/wp-content\/uploads\/2024\/03\/photo_2024-03-25-15.32.27.jpeg","width":1280,"height":854},{"@type":"BreadcrumbList","@id":"https:\/\/dariofelipecabello.com\/sueroterapia-reforzada-con-ozono-hidratacion-y-revitalizacion-potenciadas\/#breadcrumb","itemListElement":[{"@type":"ListItem","position":1,"name":"Portada","item":"https:\/\/dariofelipecabello.com\/"},{"@type":"ListItem","position":2,"name":"Ozonoterapia: Una Alternativa Terap\u00e9utica Natural y Efectiva"}]},{"@type":"WebSite","@id":"https:\/\/dariofelipecabello.com\/es\/#website","url":"https:\/\/dariofelipecabello.com\/es\/","name":"Dario Felipe Cabello","description":"Keep it Natural","publisher":{"@id":"https:\/\/dariofelipecabello.com\/es\/#organization"},"potentialAction":[{"@type":"SearchAction","target":{"@type":"EntryPoint","urlTemplate":"https:\/\/dariofelipecabello.com\/es\/?s={search_term_string}"},"query-input":"required name=search_term_string"}],"inLanguage":"es-CO"},{"@type":"Organization","@id":"https:\/\/dariofelipecabello.com\/es\/#organization","name":"Dario Felipe Cabello","url":"https:\/\/dariofelipecabello.com\/es\/","logo":{"@type":"ImageObject","inLanguage":"es-CO","@id":"https:\/\/dariofelipecabello.com\/es\/#\/schema\/logo\/image\/","url":"https:\/\/dariofelipecabello.com\/wp-content\/uploads\/2024\/03\/Logo-DFC-Color.png","contentUrl":"https:\/\/dariofelipecabello.com\/wp-content\/uploads\/2024\/03\/Logo-DFC-Color.png","width":997,"height":412,"caption":"Dario Felipe Cabello"},"image":{"@id":"https:\/\/dariofelipecabello.com\/es\/#\/schema\/logo\/image\/"},"sameAs":["https:\/\/www.instagram.com\/dariofcabello","https:\/\/www.instagram.com\/plasticabello"]},{"@type":"Person","@id":"https:\/\/dariofelipecabello.com\/es\/#\/schema\/person\/3fdc12cd889f4bf5a7817f39c5ec14df","name":"dariofelipecabello.com","image":{"@type":"ImageObject","inLanguage":"es-CO","@id":"https:\/\/dariofelipecabello.com\/es\/#\/schema\/person\/image\/","url":"https:\/\/secure.gravatar.com\/avatar\/e2c64b2dfbc74084f6e3242b509db17c?s=96&d=mm&r=g","contentUrl":"https:\/\/secure.gravatar.com\/avatar\/e2c64b2dfbc74084f6e3242b509db17c?s=96&d=mm&r=g","caption":"dariofelipecabello.com"},"sameAs":["http:\/\/dariofelipecabello.com"],"url":"https:\/\/dariofelipecabello.com\/es\/author\/dariofelipecabello-com\/"}]}},"jetpack_sharing_enabled":true,"jetpack_featured_media_url":"https:\/\/dariofelipecabello.com\/wp-content\/uploads\/2024\/03\/photo_2024-03-25-15.32.27.jpeg","_links":{"self":[{"href":"https:\/\/dariofelipecabello.com\/es\/wp-json\/wp\/v2\/posts\/1888","targetHints":{"allow":["GET"]}}],"collection":[{"href":"https:\/\/dariofelipecabello.com\/es\/wp-json\/wp\/v2\/posts"}],"about":[{"href":"https:\/\/dariofelipecabello.com\/es\/wp-json\/wp\/v2\/types\/post"}],"author":[{"embeddable":true,"href":"https:\/\/dariofelipecabello.com\/es\/wp-json\/wp\/v2\/users\/1"}],"replies":[{"embeddable":true,"href":"https:\/\/dariofelipecabello.com\/es\/wp-json\/wp\/v2\/comments?post=1888"}],"version-history":[{"count":3,"href":"https:\/\/dariofelipecabello.com\/es\/wp-json\/wp\/v2\/posts\/1888\/revisions"}],"predecessor-version":[{"id":1893,"href":"https:\/\/dariofelipecabello.com\/es\/wp-json\/wp\/v2\/posts\/1888\/revisions\/1893"}],"wp:featuredmedia":[{"embeddable":true,"href":"https:\/\/dariofelipecabello.com\/es\/wp-json\/wp\/v2\/media\/328"}],"wp:attachment":[{"href":"https:\/\/dariofelipecabello.com\/es\/wp-json\/wp\/v2\/media?parent=1888"}],"wp:term":[{"taxonomy":"category","embeddable":true,"href":"https:\/\/dariofelipecabello.com\/es\/wp-json\/wp\/v2\/categories?post=1888"},{"taxonomy":"post_tag","embeddable":true,"href":"https:\/\/dariofelipecabello.com\/es\/wp-json\/wp\/v2\/tags?post=1888"}],"curies":[{"name":"wp","href":"https:\/\/api.w.org\/{rel}","templated":true}]}}