{"id":2249,"date":"2025-05-14T16:06:54","date_gmt":"2025-05-14T21:06:54","guid":{"rendered":"https:\/\/dariofelipecabello.com\/?p=2249"},"modified":"2025-05-14T16:06:57","modified_gmt":"2025-05-14T21:06:57","slug":"cirugia-plastica-en-colombia","status":"publish","type":"post","link":"https:\/\/dariofelipecabello.com\/es\/cirugia-plastica-en-colombia\/","title":{"rendered":"\u00bfPor qu\u00e9 Colombia es un destino tan buscado para hacerse una cirug\u00eda pl\u00e1stica?"},"content":{"rendered":"\n<p><\/p>\n\n\n\n<figure class=\"wp-block-image size-large is-resized\"><img fetchpriority=\"high\" decoding=\"async\" width=\"1024\" height=\"683\" src=\"https:\/\/dariofelipecabello.com\/wp-content\/uploads\/2025\/05\/IMG_3250-1-1024x683.jpg\" alt=\"\" class=\"wp-image-2253\" style=\"width:840px;height:auto\" srcset=\"https:\/\/dariofelipecabello.com\/wp-content\/uploads\/2025\/05\/IMG_3250-1-1024x683.jpg 1024w, https:\/\/dariofelipecabello.com\/wp-content\/uploads\/2025\/05\/IMG_3250-1-300x200.jpg 300w, https:\/\/dariofelipecabello.com\/wp-content\/uploads\/2025\/05\/IMG_3250-1-768x512.jpg 768w, https:\/\/dariofelipecabello.com\/wp-content\/uploads\/2025\/05\/IMG_3250-1-1536x1024.jpg 1536w, https:\/\/dariofelipecabello.com\/wp-content\/uploads\/2025\/05\/IMG_3250-1-2048x1365.jpg 2048w, https:\/\/dariofelipecabello.com\/wp-content\/uploads\/2025\/05\/IMG_3250-1-18x12.jpg 18w, https:\/\/dariofelipecabello.com\/wp-content\/uploads\/2025\/05\/IMG_3250-1-1320x880.jpg 1320w, https:\/\/dariofelipecabello.com\/wp-content\/uploads\/2025\/05\/IMG_3250-1-600x400.jpg 600w\" sizes=\"(max-width: 1024px) 100vw, 1024px\" \/><\/figure>\n\n\n\n<h2 class=\"wp-block-heading\">\u00bfSab\u00edas que la cirug\u00eda pl\u00e1stica en Colombia es una de las m\u00e1s buscadas en todo el mundo?<\/h2>\n\n\n\n<p>Cada a\u00f1o, miles de personas viajan desde Estados Unidos, Espa\u00f1a, M\u00e9xico, Panam\u00e1 y otros pa\u00edses en busca de resultados seguros, naturales y accesibles. Colombia ha pasado de ser un destino emergente a consolidarse como una referencia en medicina est\u00e9tica y cirug\u00eda pl\u00e1stica de alto nivel.<\/p>\n\n\n\n<h2 class=\"wp-block-heading\">Esto no es casualidad. Colombia combina lo mejor de varios mundos:<\/h2>\n\n\n\n<ul class=\"wp-block-list\">\n<li>Cirujanos altamente calificados y certificados.<\/li>\n<\/ul>\n\n\n\n<ul class=\"wp-block-list\">\n<li>Cl\u00ednicas modernas con tecnolog\u00eda avanzada.<\/li>\n<\/ul>\n\n\n\n<ul class=\"wp-block-list\">\n<li>Atenci\u00f3n c\u00e1lida y personalizada.<\/li>\n<\/ul>\n\n\n\n<p>Y lo m\u00e1s llamativo: <strong>precios hasta un 60% m\u00e1s bajos<\/strong> que en pa\u00edses como EE.UU. o Europa.<\/p>\n\n\n\n<p>Adem\u00e1s, el pa\u00eds cuenta con una <strong>regulaci\u00f3n m\u00e9dica estricta<\/strong>. Los profesionales deben estar avalados por entidades como la <a class=\"\" href=\"https:\/\/www.cirugiaplastica.org.co\/\">Sociedad Colombiana de Cirug\u00eda Pl\u00e1stica Est\u00e9tica y Reconstructiva<\/a>, lo cual ofrece una capa extra de seguridad a los pacientes internacionales.<\/p>\n\n\n\n<figure class=\"wp-block-image size-large\"><img decoding=\"async\" width=\"1024\" height=\"1007\" src=\"https:\/\/dariofelipecabello.com\/wp-content\/uploads\/2025\/05\/IMG_3249-1-1024x1007.jpg\" alt=\"\" class=\"wp-image-2252\" srcset=\"https:\/\/dariofelipecabello.com\/wp-content\/uploads\/2025\/05\/IMG_3249-1-1024x1007.jpg 1024w, https:\/\/dariofelipecabello.com\/wp-content\/uploads\/2025\/05\/IMG_3249-1-300x295.jpg 300w, https:\/\/dariofelipecabello.com\/wp-content\/uploads\/2025\/05\/IMG_3249-1-768x755.jpg 768w, https:\/\/dariofelipecabello.com\/wp-content\/uploads\/2025\/05\/IMG_3249-1-12x12.jpg 12w, https:\/\/dariofelipecabello.com\/wp-content\/uploads\/2025\/05\/IMG_3249-1-1320x1298.jpg 1320w, https:\/\/dariofelipecabello.com\/wp-content\/uploads\/2025\/05\/IMG_3249-1-600x590.jpg 600w, https:\/\/dariofelipecabello.com\/wp-content\/uploads\/2025\/05\/IMG_3249-1.jpg 1536w\" sizes=\"(max-width: 1024px) 100vw, 1024px\" \/><\/figure>\n\n\n\n<h2 class=\"wp-block-heading\">Uno de los especialistas m\u00e1s recomendados en el norte de Colombia es el <strong>Dr. Dar\u00edo Felipe Cabello<\/strong>, cirujano pl\u00e1stico con m\u00e1s de 15 a\u00f1os de experiencia.<\/h2>\n\n\n\n<p>Especialista en procedimientos faciales y corporales, es conocido por lograr resultados arm\u00f3nicos, naturales y realistas. Ha transformado la vida de pacientes de Colombia, Miami, Panam\u00e1 y otras ciudades, ofreciendo procedimientos faciales y corporales con resultados naturales y arm\u00f3nicos.<br>Quienes han pasado por su consulta lo destacan por su \u00e9tica, profesionalismo y acompa\u00f1amiento posoperatorio.<\/p>\n\n\n\n<p>Si est\u00e1s considerando mejorar tu imagen y buscas un cirujano confiable, con experiencia y enfoque humano, el Dr. Cabello es tu mejor opci\u00f3n.<br>\ud83d\udcf2 Agenda tu consulta virtual o presencial y recibe una valoraci\u00f3n realista.<br>Porque verte mejor tambi\u00e9n es una forma de cuidarte.<\/p>\n\n\n\n<p>\ud83d\udc49 <a>Agenda tu cita con el Dr. Cabello<\/a><\/p>\n\n\n\n<p>Procedimientos que te podr\u00edan interesar:<\/p>\n\n\n\n<p><a class=\"\" href=\"https:\/\/dariofelipecabello.com\/es\/mamoplastia-de-aumento\/\">Mamoplastia de aumento<\/a><\/p>\n\n\n\n<p><a>Blefaroplastia<\/a><\/p>\n\n\n\n<p><a>Contacto y consultas<\/a><\/p>\n\n\n\n<p><\/p>\n","protected":false},"excerpt":{"rendered":"<p>\u00bfSab\u00edas que la cirug\u00eda pl\u00e1stica en Colombia es una de las m\u00e1s buscadas en todo el mundo? Cada a\u00f1o, miles de personas viajan desde Estados Unidos, Espa\u00f1a, M\u00e9xico, Panam\u00e1 y otros pa\u00edses en busca de resultados seguros, naturales y accesibles. Colombia ha pasado de ser un destino emergente a consolidarse como una referencia en medicina [&hellip;]<\/p>\n","protected":false},"author":1,"featured_media":2252,"comment_status":"open","ping_status":"open","sticky":false,"template":"","format":"standard","meta":{"_ppp_document_settings_meta":"","_jetpack_memberships_contains_paid_content":false,"footnotes":"[]"},"categories":[1],"tags":[],"class_list":["post-2249","post","type-post","status-publish","format-standard","has-post-thumbnail","hentry","category-blog"],"yoast_head":"<!-- This site is optimized with the Yoast SEO plugin v22.8 - https:\/\/yoast.com\/wordpress\/plugins\/seo\/ -->\n<title>\u00bfPor qu\u00e9 Colombia es un destino tan buscado para hacerse una cirug\u00eda pl\u00e1stica? - Dario Felipe Cabello<\/title>\n<meta name=\"description\" content=\"Descubre por qu\u00e9 la cirug\u00eda pl\u00e1stica en Colombia es tan buscada: calidad m\u00e9dica, precios accesibles y resultados naturales con el Dr. Felipe Cabello.\" \/>\n<meta name=\"robots\" content=\"index, follow, max-snippet:-1, max-image-preview:large, max-video-preview:-1\" \/>\n<link rel=\"canonical\" href=\"https:\/\/dariofelipecabello.com\/es\/cirugia-plastica-en-colombia\/\" \/>\n<meta property=\"og:locale\" content=\"es_ES\" \/>\n<meta property=\"og:type\" content=\"article\" \/>\n<meta property=\"og:title\" content=\"\u00bfPor qu\u00e9 Colombia es un destino tan buscado para hacerse una cirug\u00eda pl\u00e1stica? - Dario Felipe Cabello\" \/>\n<meta property=\"og:description\" content=\"Descubre por qu\u00e9 la cirug\u00eda pl\u00e1stica en Colombia es tan buscada: calidad m\u00e9dica, precios accesibles y resultados naturales con el Dr. Felipe Cabello.\" \/>\n<meta property=\"og:url\" content=\"https:\/\/dariofelipecabello.com\/es\/cirugia-plastica-en-colombia\/\" \/>\n<meta property=\"og:site_name\" content=\"Dario Felipe Cabello\" \/>\n<meta property=\"article:published_time\" content=\"2025-05-14T21:06:54+00:00\" \/>\n<meta property=\"article:modified_time\" content=\"2025-05-14T21:06:57+00:00\" \/>\n<meta property=\"og:image\" content=\"https:\/\/dariofelipecabello.com\/wp-content\/uploads\/2025\/05\/IMG_3249-1.jpg\" \/>\n\t<meta property=\"og:image:width\" content=\"1536\" \/>\n\t<meta property=\"og:image:height\" content=\"1510\" \/>\n\t<meta property=\"og:image:type\" content=\"image\/jpeg\" \/>\n<meta name=\"author\" content=\"dariofelipecabello.com\" \/>\n<meta name=\"twitter:card\" content=\"summary_large_image\" \/>\n<meta name=\"twitter:label1\" content=\"Escrito por\" \/>\n\t<meta name=\"twitter:data1\" content=\"dariofelipecabello.com\" \/>\n\t<meta name=\"twitter:label2\" content=\"Tiempo de lectura\" \/>\n\t<meta name=\"twitter:data2\" content=\"2 minutos\" \/>\n<script type=\"application\/ld+json\" class=\"yoast-schema-graph\">{\"@context\":\"https:\/\/schema.org\",\"@graph\":[{\"@type\":\"Article\",\"@id\":\"https:\/\/dariofelipecabello.com\/cirugia-plastica-en-colombia\/#article\",\"isPartOf\":{\"@id\":\"https:\/\/dariofelipecabello.com\/cirugia-plastica-en-colombia\/\"},\"author\":{\"name\":\"dariofelipecabello.com\",\"@id\":\"https:\/\/dariofelipecabello.com\/es\/#\/schema\/person\/3fdc12cd889f4bf5a7817f39c5ec14df\"},\"headline\":\"\u00bfPor qu\u00e9 Colombia es un destino tan buscado para hacerse una cirug\u00eda pl\u00e1stica?\",\"datePublished\":\"2025-05-14T21:06:54+00:00\",\"dateModified\":\"2025-05-14T21:06:57+00:00\",\"mainEntityOfPage\":{\"@id\":\"https:\/\/dariofelipecabello.com\/cirugia-plastica-en-colombia\/\"},\"wordCount\":335,\"commentCount\":0,\"publisher\":{\"@id\":\"https:\/\/dariofelipecabello.com\/es\/#organization\"},\"image\":{\"@id\":\"https:\/\/dariofelipecabello.com\/cirugia-plastica-en-colombia\/#primaryimage\"},\"thumbnailUrl\":\"https:\/\/dariofelipecabello.com\/wp-content\/uploads\/2025\/05\/IMG_3249-1.jpg\",\"articleSection\":[\"Blog\"],\"inLanguage\":\"es-CO\",\"potentialAction\":[{\"@type\":\"CommentAction\",\"name\":\"Comment\",\"target\":[\"https:\/\/dariofelipecabello.com\/cirugia-plastica-en-colombia\/#respond\"]}]},{\"@type\":\"WebPage\",\"@id\":\"https:\/\/dariofelipecabello.com\/cirugia-plastica-en-colombia\/\",\"url\":\"https:\/\/dariofelipecabello.com\/cirugia-plastica-en-colombia\/\",\"name\":\"\u00bfPor qu\u00e9 Colombia es un destino tan buscado para hacerse una cirug\u00eda pl\u00e1stica? - Dario Felipe Cabello\",\"isPartOf\":{\"@id\":\"https:\/\/dariofelipecabello.com\/es\/#website\"},\"primaryImageOfPage\":{\"@id\":\"https:\/\/dariofelipecabello.com\/cirugia-plastica-en-colombia\/#primaryimage\"},\"image\":{\"@id\":\"https:\/\/dariofelipecabello.com\/cirugia-plastica-en-colombia\/#primaryimage\"},\"thumbnailUrl\":\"https:\/\/dariofelipecabello.com\/wp-content\/uploads\/2025\/05\/IMG_3249-1.jpg\",\"datePublished\":\"2025-05-14T21:06:54+00:00\",\"dateModified\":\"2025-05-14T21:06:57+00:00\",\"description\":\"Descubre por qu\u00e9 la cirug\u00eda pl\u00e1stica en Colombia es tan buscada: calidad m\u00e9dica, precios accesibles y resultados naturales con el Dr. Felipe Cabello.\",\"breadcrumb\":{\"@id\":\"https:\/\/dariofelipecabello.com\/cirugia-plastica-en-colombia\/#breadcrumb\"},\"inLanguage\":\"es-CO\",\"potentialAction\":[{\"@type\":\"ReadAction\",\"target\":[\"https:\/\/dariofelipecabello.com\/cirugia-plastica-en-colombia\/\"]}]},{\"@type\":\"ImageObject\",\"inLanguage\":\"es-CO\",\"@id\":\"https:\/\/dariofelipecabello.com\/cirugia-plastica-en-colombia\/#primaryimage\",\"url\":\"https:\/\/dariofelipecabello.com\/wp-content\/uploads\/2025\/05\/IMG_3249-1.jpg\",\"contentUrl\":\"https:\/\/dariofelipecabello.com\/wp-content\/uploads\/2025\/05\/IMG_3249-1.jpg\",\"width\":1536,\"height\":1510},{\"@type\":\"BreadcrumbList\",\"@id\":\"https:\/\/dariofelipecabello.com\/cirugia-plastica-en-colombia\/#breadcrumb\",\"itemListElement\":[{\"@type\":\"ListItem\",\"position\":1,\"name\":\"Portada\",\"item\":\"https:\/\/dariofelipecabello.com\/\"},{\"@type\":\"ListItem\",\"position\":2,\"name\":\"\u00bfPor qu\u00e9 Colombia es un destino tan buscado para hacerse una cirug\u00eda pl\u00e1stica?\"}]},{\"@type\":\"WebSite\",\"@id\":\"https:\/\/dariofelipecabello.com\/es\/#website\",\"url\":\"https:\/\/dariofelipecabello.com\/es\/\",\"name\":\"Dario Felipe Cabello\",\"description\":\"Keep it Natural\",\"publisher\":{\"@id\":\"https:\/\/dariofelipecabello.com\/es\/#organization\"},\"potentialAction\":[{\"@type\":\"SearchAction\",\"target\":{\"@type\":\"EntryPoint\",\"urlTemplate\":\"https:\/\/dariofelipecabello.com\/es\/?s={search_term_string}\"},\"query-input\":\"required name=search_term_string\"}],\"inLanguage\":\"es-CO\"},{\"@type\":\"Organization\",\"@id\":\"https:\/\/dariofelipecabello.com\/es\/#organization\",\"name\":\"Dario Felipe Cabello\",\"url\":\"https:\/\/dariofelipecabello.com\/es\/\",\"logo\":{\"@type\":\"ImageObject\",\"inLanguage\":\"es-CO\",\"@id\":\"https:\/\/dariofelipecabello.com\/es\/#\/schema\/logo\/image\/\",\"url\":\"https:\/\/dariofelipecabello.com\/wp-content\/uploads\/2024\/03\/Logo-DFC-Color.png\",\"contentUrl\":\"https:\/\/dariofelipecabello.com\/wp-content\/uploads\/2024\/03\/Logo-DFC-Color.png\",\"width\":997,\"height\":412,\"caption\":\"Dario Felipe Cabello\"},\"image\":{\"@id\":\"https:\/\/dariofelipecabello.com\/es\/#\/schema\/logo\/image\/\"},\"sameAs\":[\"https:\/\/www.instagram.com\/dariofcabello\",\"https:\/\/www.instagram.com\/plasticabello\"]},{\"@type\":\"Person\",\"@id\":\"https:\/\/dariofelipecabello.com\/es\/#\/schema\/person\/3fdc12cd889f4bf5a7817f39c5ec14df\",\"name\":\"dariofelipecabello.com\",\"image\":{\"@type\":\"ImageObject\",\"inLanguage\":\"es-CO\",\"@id\":\"https:\/\/dariofelipecabello.com\/es\/#\/schema\/person\/image\/\",\"url\":\"https:\/\/secure.gravatar.com\/avatar\/e2c64b2dfbc74084f6e3242b509db17c?s=96&d=mm&r=g\",\"contentUrl\":\"https:\/\/secure.gravatar.com\/avatar\/e2c64b2dfbc74084f6e3242b509db17c?s=96&d=mm&r=g\",\"caption\":\"dariofelipecabello.com\"},\"sameAs\":[\"http:\/\/dariofelipecabello.com\"],\"url\":\"https:\/\/dariofelipecabello.com\/es\/author\/dariofelipecabello-com\/\"}]}<\/script>\n<!-- \/ Yoast SEO plugin. -->","yoast_head_json":{"title":"\u00bfPor qu\u00e9 Colombia es un destino tan buscado para hacerse una cirug\u00eda pl\u00e1stica? - Dario Felipe Cabello","description":"Descubre por qu\u00e9 la cirug\u00eda pl\u00e1stica en Colombia es tan buscada: calidad m\u00e9dica, precios accesibles y resultados naturales con el Dr. Felipe Cabello.","robots":{"index":"index","follow":"follow","max-snippet":"max-snippet:-1","max-image-preview":"max-image-preview:large","max-video-preview":"max-video-preview:-1"},"canonical":"https:\/\/dariofelipecabello.com\/es\/cirugia-plastica-en-colombia\/","og_locale":"es_ES","og_type":"article","og_title":"\u00bfPor qu\u00e9 Colombia es un destino tan buscado para hacerse una cirug\u00eda pl\u00e1stica? - Dario Felipe Cabello","og_description":"Descubre por qu\u00e9 la cirug\u00eda pl\u00e1stica en Colombia es tan buscada: calidad m\u00e9dica, precios accesibles y resultados naturales con el Dr. Felipe Cabello.","og_url":"https:\/\/dariofelipecabello.com\/es\/cirugia-plastica-en-colombia\/","og_site_name":"Dario Felipe Cabello","article_published_time":"2025-05-14T21:06:54+00:00","article_modified_time":"2025-05-14T21:06:57+00:00","og_image":[{"width":1536,"height":1510,"url":"https:\/\/dariofelipecabello.com\/wp-content\/uploads\/2025\/05\/IMG_3249-1.jpg","type":"image\/jpeg"}],"author":"dariofelipecabello.com","twitter_card":"summary_large_image","twitter_misc":{"Escrito por":"dariofelipecabello.com","Tiempo de lectura":"2 minutos"},"schema":{"@context":"https:\/\/schema.org","@graph":[{"@type":"Article","@id":"https:\/\/dariofelipecabello.com\/cirugia-plastica-en-colombia\/#article","isPartOf":{"@id":"https:\/\/dariofelipecabello.com\/cirugia-plastica-en-colombia\/"},"author":{"name":"dariofelipecabello.com","@id":"https:\/\/dariofelipecabello.com\/es\/#\/schema\/person\/3fdc12cd889f4bf5a7817f39c5ec14df"},"headline":"\u00bfPor qu\u00e9 Colombia es un destino tan buscado para hacerse una cirug\u00eda pl\u00e1stica?","datePublished":"2025-05-14T21:06:54+00:00","dateModified":"2025-05-14T21:06:57+00:00","mainEntityOfPage":{"@id":"https:\/\/dariofelipecabello.com\/cirugia-plastica-en-colombia\/"},"wordCount":335,"commentCount":0,"publisher":{"@id":"https:\/\/dariofelipecabello.com\/es\/#organization"},"image":{"@id":"https:\/\/dariofelipecabello.com\/cirugia-plastica-en-colombia\/#primaryimage"},"thumbnailUrl":"https:\/\/dariofelipecabello.com\/wp-content\/uploads\/2025\/05\/IMG_3249-1.jpg","articleSection":["Blog"],"inLanguage":"es-CO","potentialAction":[{"@type":"CommentAction","name":"Comment","target":["https:\/\/dariofelipecabello.com\/cirugia-plastica-en-colombia\/#respond"]}]},{"@type":"WebPage","@id":"https:\/\/dariofelipecabello.com\/cirugia-plastica-en-colombia\/","url":"https:\/\/dariofelipecabello.com\/cirugia-plastica-en-colombia\/","name":"\u00bfPor qu\u00e9 Colombia es un destino tan buscado para hacerse una cirug\u00eda pl\u00e1stica? - Dario Felipe Cabello","isPartOf":{"@id":"https:\/\/dariofelipecabello.com\/es\/#website"},"primaryImageOfPage":{"@id":"https:\/\/dariofelipecabello.com\/cirugia-plastica-en-colombia\/#primaryimage"},"image":{"@id":"https:\/\/dariofelipecabello.com\/cirugia-plastica-en-colombia\/#primaryimage"},"thumbnailUrl":"https:\/\/dariofelipecabello.com\/wp-content\/uploads\/2025\/05\/IMG_3249-1.jpg","datePublished":"2025-05-14T21:06:54+00:00","dateModified":"2025-05-14T21:06:57+00:00","description":"Descubre por qu\u00e9 la cirug\u00eda pl\u00e1stica en Colombia es tan buscada: calidad m\u00e9dica, precios accesibles y resultados naturales con el Dr. Felipe Cabello.","breadcrumb":{"@id":"https:\/\/dariofelipecabello.com\/cirugia-plastica-en-colombia\/#breadcrumb"},"inLanguage":"es-CO","potentialAction":[{"@type":"ReadAction","target":["https:\/\/dariofelipecabello.com\/cirugia-plastica-en-colombia\/"]}]},{"@type":"ImageObject","inLanguage":"es-CO","@id":"https:\/\/dariofelipecabello.com\/cirugia-plastica-en-colombia\/#primaryimage","url":"https:\/\/dariofelipecabello.com\/wp-content\/uploads\/2025\/05\/IMG_3249-1.jpg","contentUrl":"https:\/\/dariofelipecabello.com\/wp-content\/uploads\/2025\/05\/IMG_3249-1.jpg","width":1536,"height":1510},{"@type":"BreadcrumbList","@id":"https:\/\/dariofelipecabello.com\/cirugia-plastica-en-colombia\/#breadcrumb","itemListElement":[{"@type":"ListItem","position":1,"name":"Portada","item":"https:\/\/dariofelipecabello.com\/"},{"@type":"ListItem","position":2,"name":"\u00bfPor qu\u00e9 Colombia es un destino tan buscado para hacerse una cirug\u00eda pl\u00e1stica?"}]},{"@type":"WebSite","@id":"https:\/\/dariofelipecabello.com\/es\/#website","url":"https:\/\/dariofelipecabello.com\/es\/","name":"Dario Felipe Cabello","description":"Keep it Natural","publisher":{"@id":"https:\/\/dariofelipecabello.com\/es\/#organization"},"potentialAction":[{"@type":"SearchAction","target":{"@type":"EntryPoint","urlTemplate":"https:\/\/dariofelipecabello.com\/es\/?s={search_term_string}"},"query-input":"required name=search_term_string"}],"inLanguage":"es-CO"},{"@type":"Organization","@id":"https:\/\/dariofelipecabello.com\/es\/#organization","name":"Dario Felipe Cabello","url":"https:\/\/dariofelipecabello.com\/es\/","logo":{"@type":"ImageObject","inLanguage":"es-CO","@id":"https:\/\/dariofelipecabello.com\/es\/#\/schema\/logo\/image\/","url":"https:\/\/dariofelipecabello.com\/wp-content\/uploads\/2024\/03\/Logo-DFC-Color.png","contentUrl":"https:\/\/dariofelipecabello.com\/wp-content\/uploads\/2024\/03\/Logo-DFC-Color.png","width":997,"height":412,"caption":"Dario Felipe Cabello"},"image":{"@id":"https:\/\/dariofelipecabello.com\/es\/#\/schema\/logo\/image\/"},"sameAs":["https:\/\/www.instagram.com\/dariofcabello","https:\/\/www.instagram.com\/plasticabello"]},{"@type":"Person","@id":"https:\/\/dariofelipecabello.com\/es\/#\/schema\/person\/3fdc12cd889f4bf5a7817f39c5ec14df","name":"dariofelipecabello.com","image":{"@type":"ImageObject","inLanguage":"es-CO","@id":"https:\/\/dariofelipecabello.com\/es\/#\/schema\/person\/image\/","url":"https:\/\/secure.gravatar.com\/avatar\/e2c64b2dfbc74084f6e3242b509db17c?s=96&d=mm&r=g","contentUrl":"https:\/\/secure.gravatar.com\/avatar\/e2c64b2dfbc74084f6e3242b509db17c?s=96&d=mm&r=g","caption":"dariofelipecabello.com"},"sameAs":["http:\/\/dariofelipecabello.com"],"url":"https:\/\/dariofelipecabello.com\/es\/author\/dariofelipecabello-com\/"}]}},"jetpack_sharing_enabled":true,"jetpack_featured_media_url":"https:\/\/dariofelipecabello.com\/wp-content\/uploads\/2025\/05\/IMG_3249-1.jpg","_links":{"self":[{"href":"https:\/\/dariofelipecabello.com\/es\/wp-json\/wp\/v2\/posts\/2249","targetHints":{"allow":["GET"]}}],"collection":[{"href":"https:\/\/dariofelipecabello.com\/es\/wp-json\/wp\/v2\/posts"}],"about":[{"href":"https:\/\/dariofelipecabello.com\/es\/wp-json\/wp\/v2\/types\/post"}],"author":[{"embeddable":true,"href":"https:\/\/dariofelipecabello.com\/es\/wp-json\/wp\/v2\/users\/1"}],"replies":[{"embeddable":true,"href":"https:\/\/dariofelipecabello.com\/es\/wp-json\/wp\/v2\/comments?post=2249"}],"version-history":[{"count":1,"href":"https:\/\/dariofelipecabello.com\/es\/wp-json\/wp\/v2\/posts\/2249\/revisions"}],"predecessor-version":[{"id":2254,"href":"https:\/\/dariofelipecabello.com\/es\/wp-json\/wp\/v2\/posts\/2249\/revisions\/2254"}],"wp:featuredmedia":[{"embeddable":true,"href":"https:\/\/dariofelipecabello.com\/es\/wp-json\/wp\/v2\/media\/2252"}],"wp:attachment":[{"href":"https:\/\/dariofelipecabello.com\/es\/wp-json\/wp\/v2\/media?parent=2249"}],"wp:term":[{"taxonomy":"category","embeddable":true,"href":"https:\/\/dariofelipecabello.com\/es\/wp-json\/wp\/v2\/categories?post=2249"},{"taxonomy":"post_tag","embeddable":true,"href":"https:\/\/dariofelipecabello.com\/es\/wp-json\/wp\/v2\/tags?post=2249"}],"curies":[{"name":"wp","href":"https:\/\/api.w.org\/{rel}","templated":true}]}}