{"id":2319,"date":"2025-07-24T12:00:00","date_gmt":"2025-07-24T17:00:00","guid":{"rendered":"https:\/\/dariofelipecabello.com\/?p=2319"},"modified":"2025-07-21T11:10:41","modified_gmt":"2025-07-21T16:10:41","slug":"rellenos-faciales-acido-hialuronico","status":"publish","type":"post","link":"https:\/\/dariofelipecabello.com\/es\/rellenos-faciales-acido-hialuronico\/","title":{"rendered":"Rellenos faciales \u00e1cido hialur\u00f3nico: rejuvenece tu rostro sin cirug\u00eda"},"content":{"rendered":"\n<p>El paso del tiempo puede mostrarse en nuestro rostro en forma de arrugas finas, surcos nasogenianos pronunciados o p\u00e9rdida de volumen en mejillas y labios. Muchas personas quisieran revertir esos signos de envejecimiento, pero sin tener que someterse a una cirug\u00eda. Si este es tu caso, los <strong>rellenos faciales con \u00e1cido hialur\u00f3nico<\/strong> pueden ser la soluci\u00f3n ideal. De hecho, los fillers de \u00e1cido hialur\u00f3nico se han posicionado como el tratamiento est\u00e9tico no quir\u00fargico #2 m\u00e1s realizado en el mundo (solo superado por la Toxina Botul\u00ednica). <\/p>\n\n\n\n<p>La raz\u00f3n? Ofrecen resultados inmediatos, naturales y pr\u00e1cticamente sin tiempo de inactividad. <strong>Imagina borrar a\u00f1os de tu rostro en una sesi\u00f3n de menos de una hora<\/strong>, sin bistur\u00ed y con efectos visibles al instante.<\/p>\n\n\n\n<figure class=\"wp-block-image size-large is-resized\"><img fetchpriority=\"high\" decoding=\"async\" width=\"683\" height=\"1024\" src=\"https:\/\/dariofelipecabello.com\/wp-content\/uploads\/2025\/07\/IMG_6502-683x1024.jpg\" alt=\"\" class=\"wp-image-2320\" style=\"width:840px;height:auto\" srcset=\"https:\/\/dariofelipecabello.com\/wp-content\/uploads\/2025\/07\/IMG_6502-683x1024.jpg 683w, https:\/\/dariofelipecabello.com\/wp-content\/uploads\/2025\/07\/IMG_6502-200x300.jpg 200w, https:\/\/dariofelipecabello.com\/wp-content\/uploads\/2025\/07\/IMG_6502-768x1152.jpg 768w, https:\/\/dariofelipecabello.com\/wp-content\/uploads\/2025\/07\/IMG_6502-1024x1536.jpg 1024w, https:\/\/dariofelipecabello.com\/wp-content\/uploads\/2025\/07\/IMG_6502-1365x2048.jpg 1365w, https:\/\/dariofelipecabello.com\/wp-content\/uploads\/2025\/07\/IMG_6502-8x12.jpg 8w, https:\/\/dariofelipecabello.com\/wp-content\/uploads\/2025\/07\/IMG_6502-1320x1980.jpg 1320w, https:\/\/dariofelipecabello.com\/wp-content\/uploads\/2025\/07\/IMG_6502-600x900.jpg 600w, https:\/\/dariofelipecabello.com\/wp-content\/uploads\/2025\/07\/IMG_6502.jpg 1536w\" sizes=\"(max-width: 683px) 100vw, 683px\" \/><\/figure>\n\n\n\n<h2 class=\"wp-block-heading\"><strong><strong><strong><strong>\u00bfQu\u00e9 son y c\u00f3mo funcionan?<\/strong><\/strong><\/strong><\/strong><\/h2>\n\n\n\n<p>El \u00e1cido hialur\u00f3nico es un componente natural de la piel que mantiene la hidrataci\u00f3n y firmeza de los tejidos. En los tratamientos est\u00e9ticos, se aplica en forma de gel para \u201crellenar\u201d desde arrugas y l\u00edneas finas hasta zonas que han perdido volumen (como p\u00f3mulos, labios o el surco nasogeniano). Este procedimiento es r\u00e1pido y tiene efectos inmediatos, lo que lo convierte en una opci\u00f3n popular para quienes buscan resultados instant\u00e1neos. El Dr. Cabello utiliza microinyecciones precisas para depositar el filler justo donde se necesita, con anestesia t\u00f3pica para mayor comodidad. Los cambios se aprecian de inmediato \u2013 por ejemplo, se difumina esa l\u00ednea de marioneta o se realza el p\u00f3mulo plano. Gracias a la consistencia del \u00e1cido hialur\u00f3nico, los resultados se integran de manera muy natural con tus tejidos: no sentir\u00e1s irregularidades al tacto y tu rostro conservar\u00e1 su expresi\u00f3n habitual.<\/p>\n\n\n\n<figure class=\"wp-block-image size-large\"><img decoding=\"async\" width=\"683\" height=\"1024\" src=\"https:\/\/dariofelipecabello.com\/wp-content\/uploads\/2025\/07\/IMG_6503-683x1024.jpg\" alt=\"\" class=\"wp-image-2321\" srcset=\"https:\/\/dariofelipecabello.com\/wp-content\/uploads\/2025\/07\/IMG_6503-683x1024.jpg 683w, https:\/\/dariofelipecabello.com\/wp-content\/uploads\/2025\/07\/IMG_6503-200x300.jpg 200w, https:\/\/dariofelipecabello.com\/wp-content\/uploads\/2025\/07\/IMG_6503-768x1152.jpg 768w, https:\/\/dariofelipecabello.com\/wp-content\/uploads\/2025\/07\/IMG_6503-1024x1536.jpg 1024w, https:\/\/dariofelipecabello.com\/wp-content\/uploads\/2025\/07\/IMG_6503-1365x2048.jpg 1365w, https:\/\/dariofelipecabello.com\/wp-content\/uploads\/2025\/07\/IMG_6503-8x12.jpg 8w, https:\/\/dariofelipecabello.com\/wp-content\/uploads\/2025\/07\/IMG_6503-1320x1980.jpg 1320w, https:\/\/dariofelipecabello.com\/wp-content\/uploads\/2025\/07\/IMG_6503-600x900.jpg 600w, https:\/\/dariofelipecabello.com\/wp-content\/uploads\/2025\/07\/IMG_6503.jpg 1536w\" sizes=\"(max-width: 683px) 100vw, 683px\" \/><\/figure>\n\n\n\n<h2 class=\"wp-block-heading\"><strong><strong><strong><strong>Ventajas de los rellenos faciales:<\/strong><\/strong><\/strong><\/strong><\/h2>\n\n\n\n<ul class=\"wp-block-list\">\n<li><em>Resultado instant\u00e1neo:<\/em> terminas la sesi\u00f3n y ya luces un rostro m\u00e1s joven y fresco <a href=\"https:\/\/www.estetikamedica.cl\/armonizacion-facial-para-el-2025-todo-lo-que-debes-saber#:~:text=Este%20tratamiento%20es%20r%C3%A1pido%20y,para%20quienes%20buscan%20resultados%20instant%C3%A1neos\" target=\"_blank\" rel=\"noreferrer noopener\">estetikamedica.cl<\/a>.<\/li>\n\n\n\n<li><em>Sin cirug\u00eda ni cicatrices:<\/em> es un tratamiento ambulatorio, realizado solo con agujas finas y anestesia local t\u00f3pica; no deja marcas quir\u00fargicas.<\/li>\n\n\n\n<li><em>Personalizado y dosificable:<\/em> se pueden tratar m\u00faltiples \u00e1reas en la misma cita seg\u00fan tus necesidades (ej. labios, mejillas, ment\u00f3n), aplicando la cantidad justa de producto para lograr simetr\u00eda y armon\u00eda.<\/li>\n\n\n\n<li><em>Temporal pero duradero:<\/em> dependiendo del producto y la zona, los efectos duran entre ~6 y 18 meses. Al ser reabsorbible, el tratamiento se puede ajustar o repetir para mantener los resultados con el tiempo.<\/li>\n\n\n\n<li><em>Reversible:<\/em> en caso poco frecuente de no gustar el resultado, el \u00e1cido hialur\u00f3nico puede disolverse con una enzima espec\u00edfica, revirtiendo el efecto de manera segura.<\/li>\n<\/ul>\n\n\n\n<p>Algunas personas temen verse \u201csobrecargadas\u201d o artificiales con rellenos \u2013 todos hemos visto casos de labios exagerados o p\u00f3mulos demasiado prominentes. Pero esos ejemplos suelen ser resultado de exceso de producto o mala t\u00e9cnica. Con un enfoque conservador y est\u00e9tico como el del <strong>Dr. Dar\u00edo Felipe Cabello<\/strong>, puedes estar tranquilo: \u00e9l prioriza realzar tu belleza natural. Su filosof\u00eda es <em>\u201cmenos es m\u00e1s\u201d<\/em>; prefiere agregar peque\u00f1as cantidades gradualmente hasta lograr el efecto deseado, en lugar de sobre-corregir de una vez. Adem\u00e1s, utiliza solo productos de primera calidad y marcas reconocidas, lo que garantiza no solo un look natural sino tambi\u00e9n seguridad (riesgo m\u00ednimo de reacciones adversas).<\/p>\n\n\n\n<p><strong>Rejuvenecer tu rostro nunca fue tan f\u00e1cil.<\/strong> Si te miras al espejo y quieres ver una versi\u00f3n m\u00e1s lozana de ti mismo, los rellenos faciales pueden ayudarte a conseguirlo de forma r\u00e1pida y segura. El Dr. Cabello, con su amplia experiencia de m\u00e1s de 15 a\u00f1os en rejuvenecimiento no quir\u00fargico <a href=\"https:\/\/dariofelipecabello.com\/es\/#:~:text=Cirujano%20pl%C3%A1stico%20certificado\" target=\"_blank\" rel=\"noreferrer noopener\">dariofelipecabello.com<\/a>, evaluar\u00e1 qu\u00e9 \u00e1reas de tu rostro pueden beneficiarse y te explicar\u00e1 el procedimiento paso a paso. An\u00edmate a <strong>agendar una consulta<\/strong> y descubre c\u00f3mo un toque sutil de \u00e1cido hialur\u00f3nico puede devolverte volumen, suavizar arrugas y revitalizar tu expresi\u00f3n, manteniendo siempre esa naturalidad que tanto valoras.<\/p>\n\n\n\n<p>Si quieres rejuvenecer tu rostro sin cirug\u00eda, los <a>rellenos faciales con \u00e1cido hialur\u00f3nico<\/a> pueden ser tu mejor aliado. Adem\u00e1s, puedes conocer otros tratamientos de <a>armonizaci\u00f3n facial no invasiva<\/a> y <a>toxina botul\u00ednica<\/a> para potenciar los resultados.<br>Conf\u00eda tu rostro a manos expertas y agenda hoy mismo una cita con el <a>Dr. Dar\u00edo Felipe Cabello<\/a>. Si quieres saber m\u00e1s sobre los fillers y su seguridad, puedes leer esta gu\u00eda de la <a>Sociedad Espa\u00f1ola de Medicina Est\u00e9tica<\/a>.<\/p>\n\n\n\n<h2 class=\"wp-block-heading\"><strong>Procedimientos que te podr\u00edan interesar<\/strong><\/h2>\n\n\n\n<p><a href=\"https:\/\/dariofelipecabello.com\/es\/toxina-botulinica-resultados-naturales\">https:\/\/dariofelipecabello.com\/es\/toxina-botulinica-resultados-naturales<\/a><\/p>\n\n\n\n<p><\/p>\n","protected":false},"excerpt":{"rendered":"<p>El paso del tiempo puede mostrarse en nuestro rostro en forma de arrugas finas, surcos nasogenianos pronunciados o p\u00e9rdida de volumen en mejillas y labios. Muchas personas quisieran revertir esos signos de envejecimiento, pero sin tener que someterse a una cirug\u00eda. Si este es tu caso, los rellenos faciales con \u00e1cido hialur\u00f3nico pueden ser la [&hellip;]<\/p>\n","protected":false},"author":1,"featured_media":2321,"comment_status":"open","ping_status":"open","sticky":false,"template":"","format":"standard","meta":{"_ppp_document_settings_meta":"","_jetpack_memberships_contains_paid_content":false,"footnotes":"[]"},"categories":[1],"tags":[],"class_list":["post-2319","post","type-post","status-publish","format-standard","has-post-thumbnail","hentry","category-blog"],"yoast_head":"<!-- This site is optimized with the Yoast SEO plugin v22.8 - https:\/\/yoast.com\/wordpress\/plugins\/seo\/ -->\n<title>Rellenos faciales \u00e1cido hialur\u00f3nico: rejuvenece tu rostro sin cirug\u00eda - Dario Felipe Cabello<\/title>\n<meta name=\"description\" content=\"Descubre c\u00f3mo los rellenos faciales con \u00e1cido hialur\u00f3nico rejuvenecen tu rostro al instante, sin cirug\u00eda y con resultados naturales.\" \/>\n<meta name=\"robots\" content=\"index, follow, max-snippet:-1, max-image-preview:large, max-video-preview:-1\" \/>\n<link rel=\"canonical\" href=\"https:\/\/dariofelipecabello.com\/es\/rellenos-faciales-acido-hialuronico\/\" \/>\n<meta property=\"og:locale\" content=\"es_ES\" \/>\n<meta property=\"og:type\" content=\"article\" \/>\n<meta property=\"og:title\" content=\"Rellenos faciales \u00e1cido hialur\u00f3nico: rejuvenece tu rostro sin cirug\u00eda - Dario Felipe Cabello\" \/>\n<meta property=\"og:description\" content=\"Descubre c\u00f3mo los rellenos faciales con \u00e1cido hialur\u00f3nico rejuvenecen tu rostro al instante, sin cirug\u00eda y con resultados naturales.\" \/>\n<meta property=\"og:url\" content=\"https:\/\/dariofelipecabello.com\/es\/rellenos-faciales-acido-hialuronico\/\" \/>\n<meta property=\"og:site_name\" content=\"Dario Felipe Cabello\" \/>\n<meta property=\"article:published_time\" content=\"2025-07-24T17:00:00+00:00\" \/>\n<meta property=\"article:modified_time\" content=\"2025-07-21T16:10:41+00:00\" \/>\n<meta property=\"og:image\" content=\"https:\/\/dariofelipecabello.com\/wp-content\/uploads\/2025\/07\/IMG_6503.jpg\" \/>\n\t<meta property=\"og:image:width\" content=\"1536\" \/>\n\t<meta property=\"og:image:height\" content=\"2304\" \/>\n\t<meta property=\"og:image:type\" content=\"image\/jpeg\" \/>\n<meta name=\"author\" content=\"dariofelipecabello.com\" \/>\n<meta name=\"twitter:card\" content=\"summary_large_image\" \/>\n<meta name=\"twitter:label1\" content=\"Escrito por\" \/>\n\t<meta name=\"twitter:data1\" content=\"dariofelipecabello.com\" \/>\n\t<meta name=\"twitter:label2\" content=\"Tiempo de lectura\" \/>\n\t<meta name=\"twitter:data2\" content=\"4 minutos\" \/>\n<script type=\"application\/ld+json\" class=\"yoast-schema-graph\">{\"@context\":\"https:\/\/schema.org\",\"@graph\":[{\"@type\":\"Article\",\"@id\":\"https:\/\/dariofelipecabello.com\/rellenos-faciales-acido-hialuronico\/#article\",\"isPartOf\":{\"@id\":\"https:\/\/dariofelipecabello.com\/rellenos-faciales-acido-hialuronico\/\"},\"author\":{\"name\":\"dariofelipecabello.com\",\"@id\":\"https:\/\/dariofelipecabello.com\/es\/#\/schema\/person\/3fdc12cd889f4bf5a7817f39c5ec14df\"},\"headline\":\"Rellenos faciales \u00e1cido hialur\u00f3nico: rejuvenece tu rostro sin cirug\u00eda\",\"datePublished\":\"2025-07-24T17:00:00+00:00\",\"dateModified\":\"2025-07-21T16:10:41+00:00\",\"mainEntityOfPage\":{\"@id\":\"https:\/\/dariofelipecabello.com\/rellenos-faciales-acido-hialuronico\/\"},\"wordCount\":762,\"commentCount\":0,\"publisher\":{\"@id\":\"https:\/\/dariofelipecabello.com\/es\/#organization\"},\"image\":{\"@id\":\"https:\/\/dariofelipecabello.com\/rellenos-faciales-acido-hialuronico\/#primaryimage\"},\"thumbnailUrl\":\"https:\/\/dariofelipecabello.com\/wp-content\/uploads\/2025\/07\/IMG_6503.jpg\",\"articleSection\":[\"Blog\"],\"inLanguage\":\"es-CO\",\"potentialAction\":[{\"@type\":\"CommentAction\",\"name\":\"Comment\",\"target\":[\"https:\/\/dariofelipecabello.com\/rellenos-faciales-acido-hialuronico\/#respond\"]}]},{\"@type\":\"WebPage\",\"@id\":\"https:\/\/dariofelipecabello.com\/rellenos-faciales-acido-hialuronico\/\",\"url\":\"https:\/\/dariofelipecabello.com\/rellenos-faciales-acido-hialuronico\/\",\"name\":\"Rellenos faciales \u00e1cido hialur\u00f3nico: rejuvenece tu rostro sin cirug\u00eda - Dario Felipe Cabello\",\"isPartOf\":{\"@id\":\"https:\/\/dariofelipecabello.com\/es\/#website\"},\"primaryImageOfPage\":{\"@id\":\"https:\/\/dariofelipecabello.com\/rellenos-faciales-acido-hialuronico\/#primaryimage\"},\"image\":{\"@id\":\"https:\/\/dariofelipecabello.com\/rellenos-faciales-acido-hialuronico\/#primaryimage\"},\"thumbnailUrl\":\"https:\/\/dariofelipecabello.com\/wp-content\/uploads\/2025\/07\/IMG_6503.jpg\",\"datePublished\":\"2025-07-24T17:00:00+00:00\",\"dateModified\":\"2025-07-21T16:10:41+00:00\",\"description\":\"Descubre c\u00f3mo los rellenos faciales con \u00e1cido hialur\u00f3nico rejuvenecen tu rostro al instante, sin cirug\u00eda y con resultados naturales.\",\"breadcrumb\":{\"@id\":\"https:\/\/dariofelipecabello.com\/rellenos-faciales-acido-hialuronico\/#breadcrumb\"},\"inLanguage\":\"es-CO\",\"potentialAction\":[{\"@type\":\"ReadAction\",\"target\":[\"https:\/\/dariofelipecabello.com\/rellenos-faciales-acido-hialuronico\/\"]}]},{\"@type\":\"ImageObject\",\"inLanguage\":\"es-CO\",\"@id\":\"https:\/\/dariofelipecabello.com\/rellenos-faciales-acido-hialuronico\/#primaryimage\",\"url\":\"https:\/\/dariofelipecabello.com\/wp-content\/uploads\/2025\/07\/IMG_6503.jpg\",\"contentUrl\":\"https:\/\/dariofelipecabello.com\/wp-content\/uploads\/2025\/07\/IMG_6503.jpg\",\"width\":1536,\"height\":2304},{\"@type\":\"BreadcrumbList\",\"@id\":\"https:\/\/dariofelipecabello.com\/rellenos-faciales-acido-hialuronico\/#breadcrumb\",\"itemListElement\":[{\"@type\":\"ListItem\",\"position\":1,\"name\":\"Portada\",\"item\":\"https:\/\/dariofelipecabello.com\/\"},{\"@type\":\"ListItem\",\"position\":2,\"name\":\"Rellenos faciales \u00e1cido hialur\u00f3nico: rejuvenece tu rostro sin cirug\u00eda\"}]},{\"@type\":\"WebSite\",\"@id\":\"https:\/\/dariofelipecabello.com\/es\/#website\",\"url\":\"https:\/\/dariofelipecabello.com\/es\/\",\"name\":\"Dario Felipe Cabello\",\"description\":\"Keep it Natural\",\"publisher\":{\"@id\":\"https:\/\/dariofelipecabello.com\/es\/#organization\"},\"potentialAction\":[{\"@type\":\"SearchAction\",\"target\":{\"@type\":\"EntryPoint\",\"urlTemplate\":\"https:\/\/dariofelipecabello.com\/es\/?s={search_term_string}\"},\"query-input\":\"required name=search_term_string\"}],\"inLanguage\":\"es-CO\"},{\"@type\":\"Organization\",\"@id\":\"https:\/\/dariofelipecabello.com\/es\/#organization\",\"name\":\"Dario Felipe Cabello\",\"url\":\"https:\/\/dariofelipecabello.com\/es\/\",\"logo\":{\"@type\":\"ImageObject\",\"inLanguage\":\"es-CO\",\"@id\":\"https:\/\/dariofelipecabello.com\/es\/#\/schema\/logo\/image\/\",\"url\":\"https:\/\/dariofelipecabello.com\/wp-content\/uploads\/2024\/03\/Logo-DFC-Color.png\",\"contentUrl\":\"https:\/\/dariofelipecabello.com\/wp-content\/uploads\/2024\/03\/Logo-DFC-Color.png\",\"width\":997,\"height\":412,\"caption\":\"Dario Felipe Cabello\"},\"image\":{\"@id\":\"https:\/\/dariofelipecabello.com\/es\/#\/schema\/logo\/image\/\"},\"sameAs\":[\"https:\/\/www.instagram.com\/dariofcabello\",\"https:\/\/www.instagram.com\/plasticabello\"]},{\"@type\":\"Person\",\"@id\":\"https:\/\/dariofelipecabello.com\/es\/#\/schema\/person\/3fdc12cd889f4bf5a7817f39c5ec14df\",\"name\":\"dariofelipecabello.com\",\"image\":{\"@type\":\"ImageObject\",\"inLanguage\":\"es-CO\",\"@id\":\"https:\/\/dariofelipecabello.com\/es\/#\/schema\/person\/image\/\",\"url\":\"https:\/\/secure.gravatar.com\/avatar\/e2c64b2dfbc74084f6e3242b509db17c?s=96&d=mm&r=g\",\"contentUrl\":\"https:\/\/secure.gravatar.com\/avatar\/e2c64b2dfbc74084f6e3242b509db17c?s=96&d=mm&r=g\",\"caption\":\"dariofelipecabello.com\"},\"sameAs\":[\"http:\/\/dariofelipecabello.com\"],\"url\":\"https:\/\/dariofelipecabello.com\/es\/author\/dariofelipecabello-com\/\"}]}<\/script>\n<!-- \/ Yoast SEO plugin. -->","yoast_head_json":{"title":"Rellenos faciales \u00e1cido hialur\u00f3nico: rejuvenece tu rostro sin cirug\u00eda - Dario Felipe Cabello","description":"Descubre c\u00f3mo los rellenos faciales con \u00e1cido hialur\u00f3nico rejuvenecen tu rostro al instante, sin cirug\u00eda y con resultados naturales.","robots":{"index":"index","follow":"follow","max-snippet":"max-snippet:-1","max-image-preview":"max-image-preview:large","max-video-preview":"max-video-preview:-1"},"canonical":"https:\/\/dariofelipecabello.com\/es\/rellenos-faciales-acido-hialuronico\/","og_locale":"es_ES","og_type":"article","og_title":"Rellenos faciales \u00e1cido hialur\u00f3nico: rejuvenece tu rostro sin cirug\u00eda - Dario Felipe Cabello","og_description":"Descubre c\u00f3mo los rellenos faciales con \u00e1cido hialur\u00f3nico rejuvenecen tu rostro al instante, sin cirug\u00eda y con resultados naturales.","og_url":"https:\/\/dariofelipecabello.com\/es\/rellenos-faciales-acido-hialuronico\/","og_site_name":"Dario Felipe Cabello","article_published_time":"2025-07-24T17:00:00+00:00","article_modified_time":"2025-07-21T16:10:41+00:00","og_image":[{"width":1536,"height":2304,"url":"https:\/\/dariofelipecabello.com\/wp-content\/uploads\/2025\/07\/IMG_6503.jpg","type":"image\/jpeg"}],"author":"dariofelipecabello.com","twitter_card":"summary_large_image","twitter_misc":{"Escrito por":"dariofelipecabello.com","Tiempo de lectura":"4 minutos"},"schema":{"@context":"https:\/\/schema.org","@graph":[{"@type":"Article","@id":"https:\/\/dariofelipecabello.com\/rellenos-faciales-acido-hialuronico\/#article","isPartOf":{"@id":"https:\/\/dariofelipecabello.com\/rellenos-faciales-acido-hialuronico\/"},"author":{"name":"dariofelipecabello.com","@id":"https:\/\/dariofelipecabello.com\/es\/#\/schema\/person\/3fdc12cd889f4bf5a7817f39c5ec14df"},"headline":"Rellenos faciales \u00e1cido hialur\u00f3nico: rejuvenece tu rostro sin cirug\u00eda","datePublished":"2025-07-24T17:00:00+00:00","dateModified":"2025-07-21T16:10:41+00:00","mainEntityOfPage":{"@id":"https:\/\/dariofelipecabello.com\/rellenos-faciales-acido-hialuronico\/"},"wordCount":762,"commentCount":0,"publisher":{"@id":"https:\/\/dariofelipecabello.com\/es\/#organization"},"image":{"@id":"https:\/\/dariofelipecabello.com\/rellenos-faciales-acido-hialuronico\/#primaryimage"},"thumbnailUrl":"https:\/\/dariofelipecabello.com\/wp-content\/uploads\/2025\/07\/IMG_6503.jpg","articleSection":["Blog"],"inLanguage":"es-CO","potentialAction":[{"@type":"CommentAction","name":"Comment","target":["https:\/\/dariofelipecabello.com\/rellenos-faciales-acido-hialuronico\/#respond"]}]},{"@type":"WebPage","@id":"https:\/\/dariofelipecabello.com\/rellenos-faciales-acido-hialuronico\/","url":"https:\/\/dariofelipecabello.com\/rellenos-faciales-acido-hialuronico\/","name":"Rellenos faciales \u00e1cido hialur\u00f3nico: rejuvenece tu rostro sin cirug\u00eda - Dario Felipe Cabello","isPartOf":{"@id":"https:\/\/dariofelipecabello.com\/es\/#website"},"primaryImageOfPage":{"@id":"https:\/\/dariofelipecabello.com\/rellenos-faciales-acido-hialuronico\/#primaryimage"},"image":{"@id":"https:\/\/dariofelipecabello.com\/rellenos-faciales-acido-hialuronico\/#primaryimage"},"thumbnailUrl":"https:\/\/dariofelipecabello.com\/wp-content\/uploads\/2025\/07\/IMG_6503.jpg","datePublished":"2025-07-24T17:00:00+00:00","dateModified":"2025-07-21T16:10:41+00:00","description":"Descubre c\u00f3mo los rellenos faciales con \u00e1cido hialur\u00f3nico rejuvenecen tu rostro al instante, sin cirug\u00eda y con resultados naturales.","breadcrumb":{"@id":"https:\/\/dariofelipecabello.com\/rellenos-faciales-acido-hialuronico\/#breadcrumb"},"inLanguage":"es-CO","potentialAction":[{"@type":"ReadAction","target":["https:\/\/dariofelipecabello.com\/rellenos-faciales-acido-hialuronico\/"]}]},{"@type":"ImageObject","inLanguage":"es-CO","@id":"https:\/\/dariofelipecabello.com\/rellenos-faciales-acido-hialuronico\/#primaryimage","url":"https:\/\/dariofelipecabello.com\/wp-content\/uploads\/2025\/07\/IMG_6503.jpg","contentUrl":"https:\/\/dariofelipecabello.com\/wp-content\/uploads\/2025\/07\/IMG_6503.jpg","width":1536,"height":2304},{"@type":"BreadcrumbList","@id":"https:\/\/dariofelipecabello.com\/rellenos-faciales-acido-hialuronico\/#breadcrumb","itemListElement":[{"@type":"ListItem","position":1,"name":"Portada","item":"https:\/\/dariofelipecabello.com\/"},{"@type":"ListItem","position":2,"name":"Rellenos faciales \u00e1cido hialur\u00f3nico: rejuvenece tu rostro sin cirug\u00eda"}]},{"@type":"WebSite","@id":"https:\/\/dariofelipecabello.com\/es\/#website","url":"https:\/\/dariofelipecabello.com\/es\/","name":"Dario Felipe Cabello","description":"Keep it Natural","publisher":{"@id":"https:\/\/dariofelipecabello.com\/es\/#organization"},"potentialAction":[{"@type":"SearchAction","target":{"@type":"EntryPoint","urlTemplate":"https:\/\/dariofelipecabello.com\/es\/?s={search_term_string}"},"query-input":"required name=search_term_string"}],"inLanguage":"es-CO"},{"@type":"Organization","@id":"https:\/\/dariofelipecabello.com\/es\/#organization","name":"Dario Felipe Cabello","url":"https:\/\/dariofelipecabello.com\/es\/","logo":{"@type":"ImageObject","inLanguage":"es-CO","@id":"https:\/\/dariofelipecabello.com\/es\/#\/schema\/logo\/image\/","url":"https:\/\/dariofelipecabello.com\/wp-content\/uploads\/2024\/03\/Logo-DFC-Color.png","contentUrl":"https:\/\/dariofelipecabello.com\/wp-content\/uploads\/2024\/03\/Logo-DFC-Color.png","width":997,"height":412,"caption":"Dario Felipe Cabello"},"image":{"@id":"https:\/\/dariofelipecabello.com\/es\/#\/schema\/logo\/image\/"},"sameAs":["https:\/\/www.instagram.com\/dariofcabello","https:\/\/www.instagram.com\/plasticabello"]},{"@type":"Person","@id":"https:\/\/dariofelipecabello.com\/es\/#\/schema\/person\/3fdc12cd889f4bf5a7817f39c5ec14df","name":"dariofelipecabello.com","image":{"@type":"ImageObject","inLanguage":"es-CO","@id":"https:\/\/dariofelipecabello.com\/es\/#\/schema\/person\/image\/","url":"https:\/\/secure.gravatar.com\/avatar\/e2c64b2dfbc74084f6e3242b509db17c?s=96&d=mm&r=g","contentUrl":"https:\/\/secure.gravatar.com\/avatar\/e2c64b2dfbc74084f6e3242b509db17c?s=96&d=mm&r=g","caption":"dariofelipecabello.com"},"sameAs":["http:\/\/dariofelipecabello.com"],"url":"https:\/\/dariofelipecabello.com\/es\/author\/dariofelipecabello-com\/"}]}},"jetpack_sharing_enabled":true,"jetpack_featured_media_url":"https:\/\/dariofelipecabello.com\/wp-content\/uploads\/2025\/07\/IMG_6503.jpg","_links":{"self":[{"href":"https:\/\/dariofelipecabello.com\/es\/wp-json\/wp\/v2\/posts\/2319","targetHints":{"allow":["GET"]}}],"collection":[{"href":"https:\/\/dariofelipecabello.com\/es\/wp-json\/wp\/v2\/posts"}],"about":[{"href":"https:\/\/dariofelipecabello.com\/es\/wp-json\/wp\/v2\/types\/post"}],"author":[{"embeddable":true,"href":"https:\/\/dariofelipecabello.com\/es\/wp-json\/wp\/v2\/users\/1"}],"replies":[{"embeddable":true,"href":"https:\/\/dariofelipecabello.com\/es\/wp-json\/wp\/v2\/comments?post=2319"}],"version-history":[{"count":1,"href":"https:\/\/dariofelipecabello.com\/es\/wp-json\/wp\/v2\/posts\/2319\/revisions"}],"predecessor-version":[{"id":2322,"href":"https:\/\/dariofelipecabello.com\/es\/wp-json\/wp\/v2\/posts\/2319\/revisions\/2322"}],"wp:featuredmedia":[{"embeddable":true,"href":"https:\/\/dariofelipecabello.com\/es\/wp-json\/wp\/v2\/media\/2321"}],"wp:attachment":[{"href":"https:\/\/dariofelipecabello.com\/es\/wp-json\/wp\/v2\/media?parent=2319"}],"wp:term":[{"taxonomy":"category","embeddable":true,"href":"https:\/\/dariofelipecabello.com\/es\/wp-json\/wp\/v2\/categories?post=2319"},{"taxonomy":"post_tag","embeddable":true,"href":"https:\/\/dariofelipecabello.com\/es\/wp-json\/wp\/v2\/tags?post=2319"}],"curies":[{"name":"wp","href":"https:\/\/api.w.org\/{rel}","templated":true}]}}