{"id":2329,"date":"2025-08-01T12:00:00","date_gmt":"2025-08-01T17:00:00","guid":{"rendered":"https:\/\/dariofelipecabello.com\/?p=2329"},"modified":"2025-07-31T15:44:47","modified_gmt":"2025-07-31T20:44:47","slug":"eliminar-papada-sin-cirugia","status":"publish","type":"post","link":"https:\/\/dariofelipecabello.com\/es\/eliminar-papada-sin-cirugia\/","title":{"rendered":"Eliminar papada sin cirug\u00eda: tratamientos modernos"},"content":{"rendered":"\n<p><strong>Eliminar papada sin cirug\u00eda<\/strong> ya no es solo un deseo, sino una posibilidad real. La zona del cuello y la barbilla a veces se olvida, pero juega un papel enorme en nuestra silueta facial. Una papada pronunciada (ac\u00famulo de grasa bajo el ment\u00f3n) puede desdibujar la l\u00ednea de la mand\u00edbula y a\u00f1adir a\u00f1os o peso visualmente. \u00bfTe ha pasado que en fotos evitas mostrar tu perfil por inseguridad con tu papada? Tranquilo, no eres el \u00fanico. La buena noticia es que hoy existen soluciones eficaces para eliminarla y lucir un cuello m\u00e1s esbelto, adecuadas para distintos tipos de pacientes.<\/p>\n\n\n\n<figure class=\"wp-block-image size-large is-resized\"><img fetchpriority=\"high\" decoding=\"async\" width=\"1024\" height=\"1024\" src=\"https:\/\/dariofelipecabello.com\/wp-content\/uploads\/2025\/07\/Imagen-de-WhatsApp-2025-07-31-a-las-15.11.39_bd245673-1024x1024.jpg\" alt=\"\" class=\"wp-image-2332\" style=\"width:840px;height:auto\" srcset=\"https:\/\/dariofelipecabello.com\/wp-content\/uploads\/2025\/07\/Imagen-de-WhatsApp-2025-07-31-a-las-15.11.39_bd245673-1024x1024.jpg 1024w, https:\/\/dariofelipecabello.com\/wp-content\/uploads\/2025\/07\/Imagen-de-WhatsApp-2025-07-31-a-las-15.11.39_bd245673-300x300.jpg 300w, https:\/\/dariofelipecabello.com\/wp-content\/uploads\/2025\/07\/Imagen-de-WhatsApp-2025-07-31-a-las-15.11.39_bd245673-150x150.jpg 150w, https:\/\/dariofelipecabello.com\/wp-content\/uploads\/2025\/07\/Imagen-de-WhatsApp-2025-07-31-a-las-15.11.39_bd245673-768x768.jpg 768w, https:\/\/dariofelipecabello.com\/wp-content\/uploads\/2025\/07\/Imagen-de-WhatsApp-2025-07-31-a-las-15.11.39_bd245673-12x12.jpg 12w, https:\/\/dariofelipecabello.com\/wp-content\/uploads\/2025\/07\/Imagen-de-WhatsApp-2025-07-31-a-las-15.11.39_bd245673-600x600.jpg 600w, https:\/\/dariofelipecabello.com\/wp-content\/uploads\/2025\/07\/Imagen-de-WhatsApp-2025-07-31-a-las-15.11.39_bd245673-100x100.jpg 100w, https:\/\/dariofelipecabello.com\/wp-content\/uploads\/2025\/07\/Imagen-de-WhatsApp-2025-07-31-a-las-15.11.39_bd245673.jpg 1280w\" sizes=\"(max-width: 1024px) 100vw, 1024px\" \/><\/figure>\n\n\n\n<h2 class=\"wp-block-heading\"><strong><strong><strong><strong><strong><strong>Opciones quir\u00fargicas vs. no quir\u00fargicas.<\/strong><\/strong><\/strong><\/strong><\/strong><\/strong><\/h2>\n\n\n\n<p>Tradicionalmente, la forma de remover la grasa submentoniana era mediante una lipoescultura de papada (lipoaspiraci\u00f3n) o como parte de un lifting de cuello. Estos m\u00e9todos siguen siendo excelentes para casos de papada abundante o flacidez severa, ya que permiten retirar grasa y tensar la piel\/m\u00fasculos del cuello en una sola intervenci\u00f3n. Sin embargo, no todos desean someterse a cirug\u00eda. Para papadas leves a moderadas, <em>el tratamiento estrella actual es un procedimiento inyectable<\/em> que disuelve la grasa sin bistur\u00ed, ofreciendo resultados notables con m\u00ednima invasi\u00f3n.<\/p>\n\n\n\n<p>Uno de estos innovadores tratamientos es la aplicaci\u00f3n de \u00e1cido desoxic\u00f3lico, conocido comercialmente como <strong>Belkyra\u00ae<\/strong> (o Kybella). Esta sustancia, al ser inyectada en la grasa debajo del ment\u00f3n, <strong>destruye las c\u00e9lulas grasas de forma permanente<\/strong>, logrando un efecto parecido al de una liposucci\u00f3n pero sin cirug\u00eda <a href=\"https:\/\/www.drfelipebarcenas.com\/producto\/belkyra#:~:text=El%20uso%20de%20agentes%20lipol%C3%ADticos,flacidez%20que%20pudiera%20quedar%20despu%C3%A9s\" target=\"_blank\" rel=\"noreferrer noopener\">drfelipebarcenas.com<\/a>. Por eso popularmente se le llama una \u201cliposucci\u00f3n qu\u00edmica\u201d. Tras delimitar la zona a tratar, el m\u00e9dico aplica una serie de microinyecciones en la papada. En las semanas siguientes, tu cuerpo va eliminando naturalmente esa grasa destruida y la papada comienza a reducirse visiblemente. Generalmente se recomiendan 2 a 3 sesiones (espaciadas aproximadamente 8 semanas) para obtener un resultado \u00f3ptimo. Cada sesi\u00f3n dura apenas 20-30 minutos, sin necesidad de anestesia general ni hospitalizaci\u00f3n.<\/p>\n\n\n\n<h2 class=\"wp-block-heading\"><strong>\u00bfQu\u00e9 resultados puedo esperar?<\/strong><\/h2>\n\n\n\n<p>Una vez completado el tratamiento con Belkyra u otro agente lipol\u00edtico, el perfil del cuello se ve m\u00e1s limpio y definido. La transici\u00f3n de la mand\u00edbula al cuello recupera ese \u00e1ngulo juvenil que todos deseamos. Este procedimiento, adem\u00e1s de eliminar la grasa, tiene un ligero efecto de retracci\u00f3n en la piel \u2013 es decir, ayuda a que la piel se encoja un poco tras la reducci\u00f3n de volumen, evitando en muchos casos la flacidez posterior <a href=\"https:\/\/www.drfelipebarcenas.com\/producto\/belkyra#:~:text=El%20uso%20de%20agentes%20lipol%C3%ADticos,flacidez%20que%20pudiera%20quedar%20despu%C3%A9s\" target=\"_blank\" rel=\"noreferrer noopener\">drfelipebarcenas.com<\/a>. Eso s\u00ed, es importante tener expectativas realistas: en casos de piel muy laxa o m\u00fasculos del cuello muy prominentes (las \u201cbandas\u201d verticales), quiz\u00e1 sea necesaria una cirug\u00eda de lifting de cuello para lograr un cambio m\u00e1s dram\u00e1tico. Por ello, <strong>la evaluaci\u00f3n personalizada es clave<\/strong>.<\/p>\n\n\n\n<figure class=\"wp-block-image size-large\"><img decoding=\"async\" width=\"1024\" height=\"1024\" src=\"https:\/\/dariofelipecabello.com\/wp-content\/uploads\/2025\/07\/Imagen-de-WhatsApp-2025-07-31-a-las-15.11.39_dc2360c7-1024x1024.jpg\" alt=\"\" class=\"wp-image-2333\" srcset=\"https:\/\/dariofelipecabello.com\/wp-content\/uploads\/2025\/07\/Imagen-de-WhatsApp-2025-07-31-a-las-15.11.39_dc2360c7-1024x1024.jpg 1024w, https:\/\/dariofelipecabello.com\/wp-content\/uploads\/2025\/07\/Imagen-de-WhatsApp-2025-07-31-a-las-15.11.39_dc2360c7-300x300.jpg 300w, https:\/\/dariofelipecabello.com\/wp-content\/uploads\/2025\/07\/Imagen-de-WhatsApp-2025-07-31-a-las-15.11.39_dc2360c7-150x150.jpg 150w, https:\/\/dariofelipecabello.com\/wp-content\/uploads\/2025\/07\/Imagen-de-WhatsApp-2025-07-31-a-las-15.11.39_dc2360c7-768x768.jpg 768w, https:\/\/dariofelipecabello.com\/wp-content\/uploads\/2025\/07\/Imagen-de-WhatsApp-2025-07-31-a-las-15.11.39_dc2360c7-12x12.jpg 12w, https:\/\/dariofelipecabello.com\/wp-content\/uploads\/2025\/07\/Imagen-de-WhatsApp-2025-07-31-a-las-15.11.39_dc2360c7-600x600.jpg 600w, https:\/\/dariofelipecabello.com\/wp-content\/uploads\/2025\/07\/Imagen-de-WhatsApp-2025-07-31-a-las-15.11.39_dc2360c7-100x100.jpg 100w, https:\/\/dariofelipecabello.com\/wp-content\/uploads\/2025\/07\/Imagen-de-WhatsApp-2025-07-31-a-las-15.11.39_dc2360c7.jpg 1280w\" sizes=\"(max-width: 1024px) 100vw, 1024px\" \/><\/figure>\n\n\n\n<h2 class=\"wp-block-heading\">El enfoque del Dr. Dar\u00edo Cabello para eliminar la papada sin cirug\u00eda <\/h2>\n\n\n\n<p>El <strong>Dr. Dar\u00edo Felipe Cabello<\/strong> siempre te recomendar\u00e1 la opci\u00f3n m\u00e1s conveniente seg\u00fan tu edad, cantidad de papada y elasticidad de tu piel. Su enfoque honesto y \u00e9tico garantiza que recibir\u00e1s un plan de tratamiento a tu medida \u2013 ya sea un procedimiento no invasivo como Belkyra, una lipoescultura de papada, o un lifting cervical para redefinir por completo esa \u00e1rea. (De hecho, su prioridad es asesorarte en lo que realmente necesitas, sin m\u00e1s ni menos <a href=\"https:\/\/dariofelipecabello.com\/es\/#:~:text=Calidez%2C%20%C3%A9tica%20y%20acompa%C3%B1amiento%20integral,en%20todo%20el%20proceso%20quir%C3%BArgico\" target=\"_blank\" rel=\"noreferrer noopener\">dariofelipecabello.com<\/a>). Lo importante es que <em>s\u00ed es posible deshacerse de la papada<\/em> y recuperar la confianza al tomarte fotograf\u00edas de perfil o lucir el cuello sin complejos. Si sue\u00f1as con decirle adi\u00f3s a esa \u201cdoble barbilla\u201d, <strong>agenda una consulta<\/strong> con el Dr. Cabello. Descubrir\u00e1s c\u00f3mo las \u00faltimas tendencias en rejuvenecimiento de cuello pueden ayudarte a lograr un perfil elegante y natural, con la seguridad de estar en manos expertas.<\/p>\n\n\n\n<h2 class=\"wp-block-heading\"><strong>Procedimientos que te podr\u00edan interesar<\/strong><\/h2>\n\n\n\n<p><a href=\"https:\/\/dariofelipecabello.com\/es\/toxina-botulinica-resultados-naturales\">https:\/\/dariofelipecabello.com\/es\/toxina-botulinica-resultados-naturales<\/a><\/p>\n\n\n\n<p><\/p>\n","protected":false},"excerpt":{"rendered":"<p>Eliminar papada sin cirug\u00eda ya no es solo un deseo, sino una posibilidad real. La zona del cuello y la barbilla a veces se olvida, pero juega un papel enorme en nuestra silueta facial. Una papada pronunciada (ac\u00famulo de grasa bajo el ment\u00f3n) puede desdibujar la l\u00ednea de la mand\u00edbula y a\u00f1adir a\u00f1os o peso [&hellip;]<\/p>\n","protected":false},"author":1,"featured_media":2250,"comment_status":"open","ping_status":"open","sticky":false,"template":"","format":"standard","meta":{"_ppp_document_settings_meta":"","_jetpack_memberships_contains_paid_content":false,"footnotes":"[]"},"categories":[1],"tags":[],"class_list":["post-2329","post","type-post","status-publish","format-standard","has-post-thumbnail","hentry","category-blog"],"yoast_head":"<!-- This site is optimized with the Yoast SEO plugin v22.8 - https:\/\/yoast.com\/wordpress\/plugins\/seo\/ -->\n<title>Eliminar papada sin cirug\u00eda: tratamientos modernos - Dario Felipe Cabello<\/title>\n<meta name=\"description\" content=\"Descubre c\u00f3mo eliminar papada sin cirug\u00eda con tratamientos como Belkyra. Resultados naturales, sin bistur\u00ed ni hospitalizaci\u00f3n.\" \/>\n<meta name=\"robots\" content=\"index, follow, max-snippet:-1, max-image-preview:large, max-video-preview:-1\" \/>\n<link rel=\"canonical\" href=\"https:\/\/dariofelipecabello.com\/es\/eliminar-papada-sin-cirugia\/\" \/>\n<meta property=\"og:locale\" content=\"es_ES\" \/>\n<meta property=\"og:type\" content=\"article\" \/>\n<meta property=\"og:title\" content=\"Eliminar papada sin cirug\u00eda: tratamientos modernos - Dario Felipe Cabello\" \/>\n<meta property=\"og:description\" content=\"Descubre c\u00f3mo eliminar papada sin cirug\u00eda con tratamientos como Belkyra. Resultados naturales, sin bistur\u00ed ni hospitalizaci\u00f3n.\" \/>\n<meta property=\"og:url\" content=\"https:\/\/dariofelipecabello.com\/es\/eliminar-papada-sin-cirugia\/\" \/>\n<meta property=\"og:site_name\" content=\"Dario Felipe Cabello\" \/>\n<meta property=\"article:published_time\" content=\"2025-08-01T17:00:00+00:00\" \/>\n<meta property=\"article:modified_time\" content=\"2025-07-31T20:44:47+00:00\" \/>\n<meta property=\"og:image\" content=\"https:\/\/dariofelipecabello.com\/wp-content\/uploads\/2025\/05\/IMG_3249.jpg\" \/>\n\t<meta property=\"og:image:width\" content=\"1536\" \/>\n\t<meta property=\"og:image:height\" content=\"1510\" \/>\n\t<meta property=\"og:image:type\" content=\"image\/jpeg\" \/>\n<meta name=\"author\" content=\"dariofelipecabello.com\" \/>\n<meta name=\"twitter:card\" content=\"summary_large_image\" \/>\n<meta name=\"twitter:label1\" content=\"Escrito por\" \/>\n\t<meta name=\"twitter:data1\" content=\"dariofelipecabello.com\" \/>\n\t<meta name=\"twitter:label2\" content=\"Tiempo de lectura\" \/>\n\t<meta name=\"twitter:data2\" content=\"4 minutos\" \/>\n<script type=\"application\/ld+json\" class=\"yoast-schema-graph\">{\"@context\":\"https:\/\/schema.org\",\"@graph\":[{\"@type\":\"Article\",\"@id\":\"https:\/\/dariofelipecabello.com\/eliminar-papada-sin-cirugia\/#article\",\"isPartOf\":{\"@id\":\"https:\/\/dariofelipecabello.com\/eliminar-papada-sin-cirugia\/\"},\"author\":{\"name\":\"dariofelipecabello.com\",\"@id\":\"https:\/\/dariofelipecabello.com\/es\/#\/schema\/person\/3fdc12cd889f4bf5a7817f39c5ec14df\"},\"headline\":\"Eliminar papada sin cirug\u00eda: tratamientos modernos\",\"datePublished\":\"2025-08-01T17:00:00+00:00\",\"dateModified\":\"2025-07-31T20:44:47+00:00\",\"mainEntityOfPage\":{\"@id\":\"https:\/\/dariofelipecabello.com\/eliminar-papada-sin-cirugia\/\"},\"wordCount\":659,\"commentCount\":0,\"publisher\":{\"@id\":\"https:\/\/dariofelipecabello.com\/es\/#organization\"},\"image\":{\"@id\":\"https:\/\/dariofelipecabello.com\/eliminar-papada-sin-cirugia\/#primaryimage\"},\"thumbnailUrl\":\"https:\/\/dariofelipecabello.com\/wp-content\/uploads\/2025\/05\/IMG_3249.jpg\",\"articleSection\":[\"Blog\"],\"inLanguage\":\"es-CO\",\"potentialAction\":[{\"@type\":\"CommentAction\",\"name\":\"Comment\",\"target\":[\"https:\/\/dariofelipecabello.com\/eliminar-papada-sin-cirugia\/#respond\"]}]},{\"@type\":\"WebPage\",\"@id\":\"https:\/\/dariofelipecabello.com\/eliminar-papada-sin-cirugia\/\",\"url\":\"https:\/\/dariofelipecabello.com\/eliminar-papada-sin-cirugia\/\",\"name\":\"Eliminar papada sin cirug\u00eda: tratamientos modernos - Dario Felipe Cabello\",\"isPartOf\":{\"@id\":\"https:\/\/dariofelipecabello.com\/es\/#website\"},\"primaryImageOfPage\":{\"@id\":\"https:\/\/dariofelipecabello.com\/eliminar-papada-sin-cirugia\/#primaryimage\"},\"image\":{\"@id\":\"https:\/\/dariofelipecabello.com\/eliminar-papada-sin-cirugia\/#primaryimage\"},\"thumbnailUrl\":\"https:\/\/dariofelipecabello.com\/wp-content\/uploads\/2025\/05\/IMG_3249.jpg\",\"datePublished\":\"2025-08-01T17:00:00+00:00\",\"dateModified\":\"2025-07-31T20:44:47+00:00\",\"description\":\"Descubre c\u00f3mo eliminar papada sin cirug\u00eda con tratamientos como Belkyra. Resultados naturales, sin bistur\u00ed ni hospitalizaci\u00f3n.\",\"breadcrumb\":{\"@id\":\"https:\/\/dariofelipecabello.com\/eliminar-papada-sin-cirugia\/#breadcrumb\"},\"inLanguage\":\"es-CO\",\"potentialAction\":[{\"@type\":\"ReadAction\",\"target\":[\"https:\/\/dariofelipecabello.com\/eliminar-papada-sin-cirugia\/\"]}]},{\"@type\":\"ImageObject\",\"inLanguage\":\"es-CO\",\"@id\":\"https:\/\/dariofelipecabello.com\/eliminar-papada-sin-cirugia\/#primaryimage\",\"url\":\"https:\/\/dariofelipecabello.com\/wp-content\/uploads\/2025\/05\/IMG_3249.jpg\",\"contentUrl\":\"https:\/\/dariofelipecabello.com\/wp-content\/uploads\/2025\/05\/IMG_3249.jpg\",\"width\":1536,\"height\":1510},{\"@type\":\"BreadcrumbList\",\"@id\":\"https:\/\/dariofelipecabello.com\/eliminar-papada-sin-cirugia\/#breadcrumb\",\"itemListElement\":[{\"@type\":\"ListItem\",\"position\":1,\"name\":\"Portada\",\"item\":\"https:\/\/dariofelipecabello.com\/\"},{\"@type\":\"ListItem\",\"position\":2,\"name\":\"Eliminar papada sin cirug\u00eda: tratamientos modernos\"}]},{\"@type\":\"WebSite\",\"@id\":\"https:\/\/dariofelipecabello.com\/es\/#website\",\"url\":\"https:\/\/dariofelipecabello.com\/es\/\",\"name\":\"Dario Felipe Cabello\",\"description\":\"Keep it Natural\",\"publisher\":{\"@id\":\"https:\/\/dariofelipecabello.com\/es\/#organization\"},\"potentialAction\":[{\"@type\":\"SearchAction\",\"target\":{\"@type\":\"EntryPoint\",\"urlTemplate\":\"https:\/\/dariofelipecabello.com\/es\/?s={search_term_string}\"},\"query-input\":\"required name=search_term_string\"}],\"inLanguage\":\"es-CO\"},{\"@type\":\"Organization\",\"@id\":\"https:\/\/dariofelipecabello.com\/es\/#organization\",\"name\":\"Dario Felipe Cabello\",\"url\":\"https:\/\/dariofelipecabello.com\/es\/\",\"logo\":{\"@type\":\"ImageObject\",\"inLanguage\":\"es-CO\",\"@id\":\"https:\/\/dariofelipecabello.com\/es\/#\/schema\/logo\/image\/\",\"url\":\"https:\/\/dariofelipecabello.com\/wp-content\/uploads\/2024\/03\/Logo-DFC-Color.png\",\"contentUrl\":\"https:\/\/dariofelipecabello.com\/wp-content\/uploads\/2024\/03\/Logo-DFC-Color.png\",\"width\":997,\"height\":412,\"caption\":\"Dario Felipe Cabello\"},\"image\":{\"@id\":\"https:\/\/dariofelipecabello.com\/es\/#\/schema\/logo\/image\/\"},\"sameAs\":[\"https:\/\/www.instagram.com\/dariofcabello\",\"https:\/\/www.instagram.com\/plasticabello\"]},{\"@type\":\"Person\",\"@id\":\"https:\/\/dariofelipecabello.com\/es\/#\/schema\/person\/3fdc12cd889f4bf5a7817f39c5ec14df\",\"name\":\"dariofelipecabello.com\",\"image\":{\"@type\":\"ImageObject\",\"inLanguage\":\"es-CO\",\"@id\":\"https:\/\/dariofelipecabello.com\/es\/#\/schema\/person\/image\/\",\"url\":\"https:\/\/secure.gravatar.com\/avatar\/e2c64b2dfbc74084f6e3242b509db17c?s=96&d=mm&r=g\",\"contentUrl\":\"https:\/\/secure.gravatar.com\/avatar\/e2c64b2dfbc74084f6e3242b509db17c?s=96&d=mm&r=g\",\"caption\":\"dariofelipecabello.com\"},\"sameAs\":[\"http:\/\/dariofelipecabello.com\"],\"url\":\"https:\/\/dariofelipecabello.com\/es\/author\/dariofelipecabello-com\/\"}]}<\/script>\n<!-- \/ Yoast SEO plugin. -->","yoast_head_json":{"title":"Eliminar papada sin cirug\u00eda: tratamientos modernos - Dario Felipe Cabello","description":"Descubre c\u00f3mo eliminar papada sin cirug\u00eda con tratamientos como Belkyra. Resultados naturales, sin bistur\u00ed ni hospitalizaci\u00f3n.","robots":{"index":"index","follow":"follow","max-snippet":"max-snippet:-1","max-image-preview":"max-image-preview:large","max-video-preview":"max-video-preview:-1"},"canonical":"https:\/\/dariofelipecabello.com\/es\/eliminar-papada-sin-cirugia\/","og_locale":"es_ES","og_type":"article","og_title":"Eliminar papada sin cirug\u00eda: tratamientos modernos - Dario Felipe Cabello","og_description":"Descubre c\u00f3mo eliminar papada sin cirug\u00eda con tratamientos como Belkyra. Resultados naturales, sin bistur\u00ed ni hospitalizaci\u00f3n.","og_url":"https:\/\/dariofelipecabello.com\/es\/eliminar-papada-sin-cirugia\/","og_site_name":"Dario Felipe Cabello","article_published_time":"2025-08-01T17:00:00+00:00","article_modified_time":"2025-07-31T20:44:47+00:00","og_image":[{"width":1536,"height":1510,"url":"https:\/\/dariofelipecabello.com\/wp-content\/uploads\/2025\/05\/IMG_3249.jpg","type":"image\/jpeg"}],"author":"dariofelipecabello.com","twitter_card":"summary_large_image","twitter_misc":{"Escrito por":"dariofelipecabello.com","Tiempo de lectura":"4 minutos"},"schema":{"@context":"https:\/\/schema.org","@graph":[{"@type":"Article","@id":"https:\/\/dariofelipecabello.com\/eliminar-papada-sin-cirugia\/#article","isPartOf":{"@id":"https:\/\/dariofelipecabello.com\/eliminar-papada-sin-cirugia\/"},"author":{"name":"dariofelipecabello.com","@id":"https:\/\/dariofelipecabello.com\/es\/#\/schema\/person\/3fdc12cd889f4bf5a7817f39c5ec14df"},"headline":"Eliminar papada sin cirug\u00eda: tratamientos modernos","datePublished":"2025-08-01T17:00:00+00:00","dateModified":"2025-07-31T20:44:47+00:00","mainEntityOfPage":{"@id":"https:\/\/dariofelipecabello.com\/eliminar-papada-sin-cirugia\/"},"wordCount":659,"commentCount":0,"publisher":{"@id":"https:\/\/dariofelipecabello.com\/es\/#organization"},"image":{"@id":"https:\/\/dariofelipecabello.com\/eliminar-papada-sin-cirugia\/#primaryimage"},"thumbnailUrl":"https:\/\/dariofelipecabello.com\/wp-content\/uploads\/2025\/05\/IMG_3249.jpg","articleSection":["Blog"],"inLanguage":"es-CO","potentialAction":[{"@type":"CommentAction","name":"Comment","target":["https:\/\/dariofelipecabello.com\/eliminar-papada-sin-cirugia\/#respond"]}]},{"@type":"WebPage","@id":"https:\/\/dariofelipecabello.com\/eliminar-papada-sin-cirugia\/","url":"https:\/\/dariofelipecabello.com\/eliminar-papada-sin-cirugia\/","name":"Eliminar papada sin cirug\u00eda: tratamientos modernos - Dario Felipe Cabello","isPartOf":{"@id":"https:\/\/dariofelipecabello.com\/es\/#website"},"primaryImageOfPage":{"@id":"https:\/\/dariofelipecabello.com\/eliminar-papada-sin-cirugia\/#primaryimage"},"image":{"@id":"https:\/\/dariofelipecabello.com\/eliminar-papada-sin-cirugia\/#primaryimage"},"thumbnailUrl":"https:\/\/dariofelipecabello.com\/wp-content\/uploads\/2025\/05\/IMG_3249.jpg","datePublished":"2025-08-01T17:00:00+00:00","dateModified":"2025-07-31T20:44:47+00:00","description":"Descubre c\u00f3mo eliminar papada sin cirug\u00eda con tratamientos como Belkyra. Resultados naturales, sin bistur\u00ed ni hospitalizaci\u00f3n.","breadcrumb":{"@id":"https:\/\/dariofelipecabello.com\/eliminar-papada-sin-cirugia\/#breadcrumb"},"inLanguage":"es-CO","potentialAction":[{"@type":"ReadAction","target":["https:\/\/dariofelipecabello.com\/eliminar-papada-sin-cirugia\/"]}]},{"@type":"ImageObject","inLanguage":"es-CO","@id":"https:\/\/dariofelipecabello.com\/eliminar-papada-sin-cirugia\/#primaryimage","url":"https:\/\/dariofelipecabello.com\/wp-content\/uploads\/2025\/05\/IMG_3249.jpg","contentUrl":"https:\/\/dariofelipecabello.com\/wp-content\/uploads\/2025\/05\/IMG_3249.jpg","width":1536,"height":1510},{"@type":"BreadcrumbList","@id":"https:\/\/dariofelipecabello.com\/eliminar-papada-sin-cirugia\/#breadcrumb","itemListElement":[{"@type":"ListItem","position":1,"name":"Portada","item":"https:\/\/dariofelipecabello.com\/"},{"@type":"ListItem","position":2,"name":"Eliminar papada sin cirug\u00eda: tratamientos modernos"}]},{"@type":"WebSite","@id":"https:\/\/dariofelipecabello.com\/es\/#website","url":"https:\/\/dariofelipecabello.com\/es\/","name":"Dario Felipe Cabello","description":"Keep it Natural","publisher":{"@id":"https:\/\/dariofelipecabello.com\/es\/#organization"},"potentialAction":[{"@type":"SearchAction","target":{"@type":"EntryPoint","urlTemplate":"https:\/\/dariofelipecabello.com\/es\/?s={search_term_string}"},"query-input":"required name=search_term_string"}],"inLanguage":"es-CO"},{"@type":"Organization","@id":"https:\/\/dariofelipecabello.com\/es\/#organization","name":"Dario Felipe Cabello","url":"https:\/\/dariofelipecabello.com\/es\/","logo":{"@type":"ImageObject","inLanguage":"es-CO","@id":"https:\/\/dariofelipecabello.com\/es\/#\/schema\/logo\/image\/","url":"https:\/\/dariofelipecabello.com\/wp-content\/uploads\/2024\/03\/Logo-DFC-Color.png","contentUrl":"https:\/\/dariofelipecabello.com\/wp-content\/uploads\/2024\/03\/Logo-DFC-Color.png","width":997,"height":412,"caption":"Dario Felipe Cabello"},"image":{"@id":"https:\/\/dariofelipecabello.com\/es\/#\/schema\/logo\/image\/"},"sameAs":["https:\/\/www.instagram.com\/dariofcabello","https:\/\/www.instagram.com\/plasticabello"]},{"@type":"Person","@id":"https:\/\/dariofelipecabello.com\/es\/#\/schema\/person\/3fdc12cd889f4bf5a7817f39c5ec14df","name":"dariofelipecabello.com","image":{"@type":"ImageObject","inLanguage":"es-CO","@id":"https:\/\/dariofelipecabello.com\/es\/#\/schema\/person\/image\/","url":"https:\/\/secure.gravatar.com\/avatar\/e2c64b2dfbc74084f6e3242b509db17c?s=96&d=mm&r=g","contentUrl":"https:\/\/secure.gravatar.com\/avatar\/e2c64b2dfbc74084f6e3242b509db17c?s=96&d=mm&r=g","caption":"dariofelipecabello.com"},"sameAs":["http:\/\/dariofelipecabello.com"],"url":"https:\/\/dariofelipecabello.com\/es\/author\/dariofelipecabello-com\/"}]}},"jetpack_sharing_enabled":true,"jetpack_featured_media_url":"https:\/\/dariofelipecabello.com\/wp-content\/uploads\/2025\/05\/IMG_3249.jpg","_links":{"self":[{"href":"https:\/\/dariofelipecabello.com\/es\/wp-json\/wp\/v2\/posts\/2329","targetHints":{"allow":["GET"]}}],"collection":[{"href":"https:\/\/dariofelipecabello.com\/es\/wp-json\/wp\/v2\/posts"}],"about":[{"href":"https:\/\/dariofelipecabello.com\/es\/wp-json\/wp\/v2\/types\/post"}],"author":[{"embeddable":true,"href":"https:\/\/dariofelipecabello.com\/es\/wp-json\/wp\/v2\/users\/1"}],"replies":[{"embeddable":true,"href":"https:\/\/dariofelipecabello.com\/es\/wp-json\/wp\/v2\/comments?post=2329"}],"version-history":[{"count":1,"href":"https:\/\/dariofelipecabello.com\/es\/wp-json\/wp\/v2\/posts\/2329\/revisions"}],"predecessor-version":[{"id":2334,"href":"https:\/\/dariofelipecabello.com\/es\/wp-json\/wp\/v2\/posts\/2329\/revisions\/2334"}],"wp:featuredmedia":[{"embeddable":true,"href":"https:\/\/dariofelipecabello.com\/es\/wp-json\/wp\/v2\/media\/2250"}],"wp:attachment":[{"href":"https:\/\/dariofelipecabello.com\/es\/wp-json\/wp\/v2\/media?parent=2329"}],"wp:term":[{"taxonomy":"category","embeddable":true,"href":"https:\/\/dariofelipecabello.com\/es\/wp-json\/wp\/v2\/categories?post=2329"},{"taxonomy":"post_tag","embeddable":true,"href":"https:\/\/dariofelipecabello.com\/es\/wp-json\/wp\/v2\/tags?post=2329"}],"curies":[{"name":"wp","href":"https:\/\/api.w.org\/{rel}","templated":true}]}}