{"id":2393,"date":"2025-09-26T08:03:50","date_gmt":"2025-09-26T13:03:50","guid":{"rendered":"https:\/\/dariofelipecabello.com\/?p=2393"},"modified":"2025-09-26T08:09:21","modified_gmt":"2025-09-26T13:09:21","slug":"hybrid-facelift-lifting-facial-moderno-y-natural","status":"publish","type":"post","link":"https:\/\/dariofelipecabello.com\/es\/hybrid-facelift-lifting-facial-moderno-y-natural\/","title":{"rendered":"Hybrid Facelift: lifting facial moderno y natural"},"content":{"rendered":"\n<p>El <strong>Hybrid Facelift<\/strong> es una t\u00e9cnica moderna de lifting facial que combina cirug\u00eda y tratamientos m\u00ednimamente invasivos para rejuvenecer el rostro de manera natural. A diferencia del lifting cl\u00e1sico, que deja resultados r\u00edgidos, esta t\u00e9cnica ofrece frescura, naturalidad y una recuperaci\u00f3n m\u00e1s r\u00e1pida. Muchos pacientes lo evitaban porque asociaban el procedimiento con un rostro r\u00edgido, artificial y un postoperatorio prolongado.<\/p>\n\n\n\n<p>Hoy, con los avances m\u00e9dicos, nace el <strong>Hybrid Facelift<\/strong>, una t\u00e9cnica que combina lo mejor de la cirug\u00eda est\u00e9tica con tratamientos m\u00ednimamente invasivos, ofreciendo resultados naturales, seguros y con una recuperaci\u00f3n m\u00e1s corta.<\/p>\n\n\n\n<p><em>Si buscas una opci\u00f3n m\u00e1s enfocada en el cuello, descubre el <\/em><a href=\"https:\/\/dariofelipecabello.com\/es\/lifting-de-cuello\/\"><strong>lifting de cuello<\/strong><\/a><em><strong> <\/strong><\/em><\/p>\n\n\n\n<figure class=\"wp-block-image size-large is-resized\"><img fetchpriority=\"high\" decoding=\"async\" width=\"768\" height=\"1024\" src=\"https:\/\/dariofelipecabello.com\/wp-content\/uploads\/2025\/09\/IMG_0577-768x1024.jpg\" alt=\"\" class=\"wp-image-2398\" style=\"width:840px;height:auto\" srcset=\"https:\/\/dariofelipecabello.com\/wp-content\/uploads\/2025\/09\/IMG_0577-768x1024.jpg 768w, https:\/\/dariofelipecabello.com\/wp-content\/uploads\/2025\/09\/IMG_0577-225x300.jpg 225w, https:\/\/dariofelipecabello.com\/wp-content\/uploads\/2025\/09\/IMG_0577-1152x1536.jpg 1152w, https:\/\/dariofelipecabello.com\/wp-content\/uploads\/2025\/09\/IMG_0577-9x12.jpg 9w, https:\/\/dariofelipecabello.com\/wp-content\/uploads\/2025\/09\/IMG_0577-1320x1760.jpg 1320w, https:\/\/dariofelipecabello.com\/wp-content\/uploads\/2025\/09\/IMG_0577-600x800.jpg 600w, https:\/\/dariofelipecabello.com\/wp-content\/uploads\/2025\/09\/IMG_0577.jpg 1536w\" sizes=\"(max-width: 768px) 100vw, 768px\" \/><\/figure>\n\n\n\n<h4 class=\"wp-block-heading\"><strong><strong><strong>El lifting deja la cara estirada<\/strong><\/strong><\/strong><\/h4>\n\n\n\n<p>En el pasado, las t\u00e9cnicas tradicionales se enfocaban \u00fanicamente en la piel, lo que pod\u00eda generar un aspecto r\u00edgido.<br>\ud83d\udc49 Con el Hybrid Facelift, el trabajo se realiza en <strong>planos profundos<\/strong>, reposicionando los tejidos donde realmente se necesita. El resultado: expresiones naturales, frescas y arm\u00f3nicas.<\/p>\n\n\n\n<h4 class=\"wp-block-heading\"><strong><strong><strong>La recuperaci\u00f3n es demasiado larga<\/strong><\/strong><\/strong><\/h4>\n\n\n\n<p>Antes, una cirug\u00eda de lifting pod\u00eda significar semanas de incapacidad.<br>\ud83d\udc49 Hoy, el Hybrid Facelift utiliza incisiones m\u00e1s peque\u00f1as, t\u00e9cnicas menos invasivas y el apoyo de tecnolog\u00edas que estimulan la retracci\u00f3n de la piel. Esto permite que el paciente vuelva m\u00e1s r\u00e1pido a sus actividades cotidianas.<\/p>\n\n\n\n<h4 class=\"wp-block-heading\"><strong><strong><strong><strong>Todos los liftings son iguales<\/strong><\/strong><\/strong><\/strong><\/h4>\n\n\n\n<p>Cada rostro es diferente, pero los m\u00e9todos tradicionales sol\u00edan aplicarse como una f\u00f3rmula est\u00e1ndar.<br>\ud83d\udc49 El Hybrid Facelift se <strong>personaliza seg\u00fan la edad, la anatom\u00eda y las expectativas<\/strong> del paciente. Puede combinarse con lipoinyecci\u00f3n, l\u00e1ser, ultrasonido o tecnolog\u00edas de retracci\u00f3n para lograr resultados \u00fanicos en cada caso.<\/p>\n\n\n\n<h4 class=\"wp-block-heading\"><strong>Solo funciona para personas mayores<\/strong><\/h4>\n\n\n\n<p>El lifting cl\u00e1sico se asociaba casi siempre a personas de m\u00e1s de 60 a\u00f1os.<br>\ud83d\udc49 El Hybrid Facelift est\u00e1 dise\u00f1ado para <strong>pacientes entre 45 y 75 a\u00f1os<\/strong>, adaptando la intensidad de la t\u00e9cnica a cada etapa de envejecimiento. Esto lo convierte en un procedimiento vers\u00e1til, ideal tanto para quienes comienzan a notar flacidez como para quienes buscan un rejuvenecimiento m\u00e1s profundo.<\/p>\n\n\n\n<figure class=\"wp-block-image size-large\"><img decoding=\"async\" width=\"768\" height=\"1024\" src=\"https:\/\/dariofelipecabello.com\/wp-content\/uploads\/2025\/09\/IMG_0785-1-768x1024.jpg\" alt=\"\" class=\"wp-image-2396\" srcset=\"https:\/\/dariofelipecabello.com\/wp-content\/uploads\/2025\/09\/IMG_0785-1-768x1024.jpg 768w, https:\/\/dariofelipecabello.com\/wp-content\/uploads\/2025\/09\/IMG_0785-1-225x300.jpg 225w, https:\/\/dariofelipecabello.com\/wp-content\/uploads\/2025\/09\/IMG_0785-1-1152x1536.jpg 1152w, https:\/\/dariofelipecabello.com\/wp-content\/uploads\/2025\/09\/IMG_0785-1-9x12.jpg 9w, https:\/\/dariofelipecabello.com\/wp-content\/uploads\/2025\/09\/IMG_0785-1-1320x1760.jpg 1320w, https:\/\/dariofelipecabello.com\/wp-content\/uploads\/2025\/09\/IMG_0785-1-600x800.jpg 600w, https:\/\/dariofelipecabello.com\/wp-content\/uploads\/2025\/09\/IMG_0785-1.jpg 1536w\" sizes=\"(max-width: 768px) 100vw, 768px\" \/><\/figure>\n\n\n\n<h4 class=\"wp-block-heading\"><strong>\u00bfC\u00f3mo funciona realmente el Hybrid Facelift?<\/strong><\/h4>\n\n\n\n<p>El secreto est\u00e1 en la combinaci\u00f3n.<\/p>\n\n\n\n<ul class=\"wp-block-list\">\n<li><strong>Reposicionamiento profundo de tejidos:<\/strong> cuando es necesario, se aplican t\u00e9cnicas quir\u00fargicas que act\u00faan sobre la estructura facial, no solo en la piel.<\/li>\n\n\n\n<li><strong>Tecnolog\u00eda de retracci\u00f3n de piel:<\/strong> complementa la cirug\u00eda estimulando col\u00e1geno y mejorando la elasticidad, logrando que el resultado sea m\u00e1s firme y duradero.<\/li>\n\n\n\n<li><strong>Tratamientos complementarios:<\/strong> en algunos casos, se asocia con lipoinyecci\u00f3n para devolver volumen en zonas clave como p\u00f3mulos o surcos nasogenianos.<\/li>\n<\/ul>\n\n\n\n<p>El objetivo no es transformar al paciente en alguien distinto, sino <strong>recuperar una versi\u00f3n m\u00e1s fresca y natural de s\u00ed mismo<\/strong>.<\/p>\n\n\n\n<h4 class=\"wp-block-heading\"><strong>Beneficios del Hybrid Facelift frente al lifting cl\u00e1sico<\/strong><\/h4>\n\n\n\n<p>\u2714\ufe0f Resultados m\u00e1s naturales.<br>\u2714\ufe0f Recuperaci\u00f3n m\u00e1s r\u00e1pida.<br>\u2714\ufe0f Procedimiento 100% personalizado.<br>\u2714\ufe0f T\u00e9cnica moderna y segura.<br>\u2714\ufe0f Mejora significativa en autoestima y confianza.<\/p>\n\n\n\n<h4 class=\"wp-block-heading\"><strong>Conclusi\u00f3n: el lifting que se adapta a ti<\/strong><\/h4>\n\n\n\n<p>El <strong>Hybrid Facelift<\/strong> representa la evoluci\u00f3n del rejuvenecimiento facial: una t\u00e9cnica que entiende que cada rostro es \u00fanico y que busca resultados arm\u00f3nicos, naturales y seguros.<\/p>\n\n\n\n<p>\ud83d\udc49 Si tienes entre 45 y 75 a\u00f1os y buscas un cambio real, pero sin perder tu esencia, este procedimiento puede ser la opci\u00f3n ideal.<\/p>\n\n\n\n<p>\ud83d\udccd Agenda tu valoraci\u00f3n con el Dr. Dar\u00edo Felipe Cabello y descubre c\u00f3mo el <strong>Hybrid Facelift<\/strong> puede transformar tu manera de verte y sentirte frente al espejo.<\/p>\n\n\n\n<h4 class=\"wp-block-heading\"><strong>Procedimientos que te podr\u00edan interesar<\/strong><\/h4>\n\n\n\n<p><a href=\"https:\/\/dariofelipecabello.com\/es\/toxina-botulinica-resultados-naturales\">h<\/a><a href=\"https:\/\/dariofelipecabello.com\/es\/blogs\/\">ttps:\/\/dariofelipecabello.com\/<\/a><\/p>\n\n\n\n<p>\ud83d\udc49 <em>Conoce tambi\u00e9n nuestra <a href=\"https:\/\/dariofelipecabello.com\/es\/blefaroplastia\/\"><strong>blefaroplastia<\/strong><\/a> para rejuvenecer tu mirada.<\/em><\/p>\n\n\n\n<p>\ud83d\udc49 <em>Si prefieres explorar opciones para el contorno corporal, te invitamos a leer sobre nuestra <a href=\"https:\/\/dariofelipecabello.com\/es\/abdominoplastia\/\"><strong>abdominoplastia<\/strong><\/a>.<\/em><\/p>\n\n\n\n<p><\/p>\n","protected":false},"excerpt":{"rendered":"<p>El Hybrid Facelift es una t\u00e9cnica moderna de lifting facial que combina cirug\u00eda y tratamientos m\u00ednimamente invasivos para rejuvenecer el rostro de manera natural. A diferencia del lifting cl\u00e1sico, que deja resultados r\u00edgidos, esta t\u00e9cnica ofrece frescura, naturalidad y una recuperaci\u00f3n m\u00e1s r\u00e1pida. Muchos pacientes lo evitaban porque asociaban el procedimiento con un rostro r\u00edgido, [&hellip;]<\/p>\n","protected":false},"author":1,"featured_media":2398,"comment_status":"open","ping_status":"open","sticky":false,"template":"","format":"standard","meta":{"_ppp_document_settings_meta":"","_jetpack_memberships_contains_paid_content":false,"footnotes":"[]"},"categories":[1],"tags":[],"class_list":["post-2393","post","type-post","status-publish","format-standard","has-post-thumbnail","hentry","category-blog"],"yoast_head":"<!-- This site is optimized with the Yoast SEO plugin v22.8 - https:\/\/yoast.com\/wordpress\/plugins\/seo\/ -->\n<title>Hybrid Facelift: lifting facial moderno y natural - Dario Felipe Cabello<\/title>\n<meta name=\"description\" content=\"Descubre el Hybrid Facelift: lifting facial moderno con resultados naturales y recuperaci\u00f3n m\u00e1s corta que el lifting cl\u00e1sico.\" \/>\n<meta name=\"robots\" content=\"index, follow, max-snippet:-1, max-image-preview:large, max-video-preview:-1\" \/>\n<link rel=\"canonical\" href=\"https:\/\/dariofelipecabello.com\/es\/hybrid-facelift-lifting-facial-moderno-y-natural\/\" \/>\n<meta property=\"og:locale\" content=\"es_ES\" \/>\n<meta property=\"og:type\" content=\"article\" \/>\n<meta property=\"og:title\" content=\"Hybrid Facelift: lifting facial moderno y natural - Dario Felipe Cabello\" \/>\n<meta property=\"og:description\" content=\"Descubre el Hybrid Facelift: lifting facial moderno con resultados naturales y recuperaci\u00f3n m\u00e1s corta que el lifting cl\u00e1sico.\" \/>\n<meta property=\"og:url\" content=\"https:\/\/dariofelipecabello.com\/es\/hybrid-facelift-lifting-facial-moderno-y-natural\/\" \/>\n<meta property=\"og:site_name\" content=\"Dario Felipe Cabello\" \/>\n<meta property=\"article:published_time\" content=\"2025-09-26T13:03:50+00:00\" \/>\n<meta property=\"article:modified_time\" content=\"2025-09-26T13:09:21+00:00\" \/>\n<meta property=\"og:image\" content=\"https:\/\/dariofelipecabello.com\/wp-content\/uploads\/2025\/09\/IMG_0577.jpg\" \/>\n\t<meta property=\"og:image:width\" content=\"1536\" \/>\n\t<meta property=\"og:image:height\" content=\"2048\" \/>\n\t<meta property=\"og:image:type\" content=\"image\/jpeg\" \/>\n<meta name=\"author\" content=\"dariofelipecabello.com\" \/>\n<meta name=\"twitter:card\" content=\"summary_large_image\" \/>\n<meta name=\"twitter:label1\" content=\"Escrito por\" \/>\n\t<meta name=\"twitter:data1\" content=\"dariofelipecabello.com\" \/>\n\t<meta name=\"twitter:label2\" content=\"Tiempo de lectura\" \/>\n\t<meta name=\"twitter:data2\" content=\"4 minutos\" \/>\n<script type=\"application\/ld+json\" class=\"yoast-schema-graph\">{\"@context\":\"https:\/\/schema.org\",\"@graph\":[{\"@type\":\"Article\",\"@id\":\"https:\/\/dariofelipecabello.com\/hybrid-facelift-lifting-facial-moderno-y-natural\/#article\",\"isPartOf\":{\"@id\":\"https:\/\/dariofelipecabello.com\/hybrid-facelift-lifting-facial-moderno-y-natural\/\"},\"author\":{\"name\":\"dariofelipecabello.com\",\"@id\":\"https:\/\/dariofelipecabello.com\/es\/#\/schema\/person\/3fdc12cd889f4bf5a7817f39c5ec14df\"},\"headline\":\"Hybrid Facelift: lifting facial moderno y natural\",\"datePublished\":\"2025-09-26T13:03:50+00:00\",\"dateModified\":\"2025-09-26T13:09:21+00:00\",\"mainEntityOfPage\":{\"@id\":\"https:\/\/dariofelipecabello.com\/hybrid-facelift-lifting-facial-moderno-y-natural\/\"},\"wordCount\":647,\"commentCount\":0,\"publisher\":{\"@id\":\"https:\/\/dariofelipecabello.com\/es\/#organization\"},\"image\":{\"@id\":\"https:\/\/dariofelipecabello.com\/hybrid-facelift-lifting-facial-moderno-y-natural\/#primaryimage\"},\"thumbnailUrl\":\"https:\/\/dariofelipecabello.com\/wp-content\/uploads\/2025\/09\/IMG_0577.jpg\",\"articleSection\":[\"Blog\"],\"inLanguage\":\"es-CO\",\"potentialAction\":[{\"@type\":\"CommentAction\",\"name\":\"Comment\",\"target\":[\"https:\/\/dariofelipecabello.com\/hybrid-facelift-lifting-facial-moderno-y-natural\/#respond\"]}]},{\"@type\":\"WebPage\",\"@id\":\"https:\/\/dariofelipecabello.com\/hybrid-facelift-lifting-facial-moderno-y-natural\/\",\"url\":\"https:\/\/dariofelipecabello.com\/hybrid-facelift-lifting-facial-moderno-y-natural\/\",\"name\":\"Hybrid Facelift: lifting facial moderno y natural - Dario Felipe Cabello\",\"isPartOf\":{\"@id\":\"https:\/\/dariofelipecabello.com\/es\/#website\"},\"primaryImageOfPage\":{\"@id\":\"https:\/\/dariofelipecabello.com\/hybrid-facelift-lifting-facial-moderno-y-natural\/#primaryimage\"},\"image\":{\"@id\":\"https:\/\/dariofelipecabello.com\/hybrid-facelift-lifting-facial-moderno-y-natural\/#primaryimage\"},\"thumbnailUrl\":\"https:\/\/dariofelipecabello.com\/wp-content\/uploads\/2025\/09\/IMG_0577.jpg\",\"datePublished\":\"2025-09-26T13:03:50+00:00\",\"dateModified\":\"2025-09-26T13:09:21+00:00\",\"description\":\"Descubre el Hybrid Facelift: lifting facial moderno con resultados naturales y recuperaci\u00f3n m\u00e1s corta que el lifting cl\u00e1sico.\",\"breadcrumb\":{\"@id\":\"https:\/\/dariofelipecabello.com\/hybrid-facelift-lifting-facial-moderno-y-natural\/#breadcrumb\"},\"inLanguage\":\"es-CO\",\"potentialAction\":[{\"@type\":\"ReadAction\",\"target\":[\"https:\/\/dariofelipecabello.com\/hybrid-facelift-lifting-facial-moderno-y-natural\/\"]}]},{\"@type\":\"ImageObject\",\"inLanguage\":\"es-CO\",\"@id\":\"https:\/\/dariofelipecabello.com\/hybrid-facelift-lifting-facial-moderno-y-natural\/#primaryimage\",\"url\":\"https:\/\/dariofelipecabello.com\/wp-content\/uploads\/2025\/09\/IMG_0577.jpg\",\"contentUrl\":\"https:\/\/dariofelipecabello.com\/wp-content\/uploads\/2025\/09\/IMG_0577.jpg\",\"width\":1536,\"height\":2048},{\"@type\":\"BreadcrumbList\",\"@id\":\"https:\/\/dariofelipecabello.com\/hybrid-facelift-lifting-facial-moderno-y-natural\/#breadcrumb\",\"itemListElement\":[{\"@type\":\"ListItem\",\"position\":1,\"name\":\"Portada\",\"item\":\"https:\/\/dariofelipecabello.com\/\"},{\"@type\":\"ListItem\",\"position\":2,\"name\":\"Hybrid Facelift: lifting facial moderno y natural\"}]},{\"@type\":\"WebSite\",\"@id\":\"https:\/\/dariofelipecabello.com\/es\/#website\",\"url\":\"https:\/\/dariofelipecabello.com\/es\/\",\"name\":\"Dario Felipe Cabello\",\"description\":\"Keep it Natural\",\"publisher\":{\"@id\":\"https:\/\/dariofelipecabello.com\/es\/#organization\"},\"potentialAction\":[{\"@type\":\"SearchAction\",\"target\":{\"@type\":\"EntryPoint\",\"urlTemplate\":\"https:\/\/dariofelipecabello.com\/es\/?s={search_term_string}\"},\"query-input\":\"required name=search_term_string\"}],\"inLanguage\":\"es-CO\"},{\"@type\":\"Organization\",\"@id\":\"https:\/\/dariofelipecabello.com\/es\/#organization\",\"name\":\"Dario Felipe Cabello\",\"url\":\"https:\/\/dariofelipecabello.com\/es\/\",\"logo\":{\"@type\":\"ImageObject\",\"inLanguage\":\"es-CO\",\"@id\":\"https:\/\/dariofelipecabello.com\/es\/#\/schema\/logo\/image\/\",\"url\":\"https:\/\/dariofelipecabello.com\/wp-content\/uploads\/2024\/03\/Logo-DFC-Color.png\",\"contentUrl\":\"https:\/\/dariofelipecabello.com\/wp-content\/uploads\/2024\/03\/Logo-DFC-Color.png\",\"width\":997,\"height\":412,\"caption\":\"Dario Felipe Cabello\"},\"image\":{\"@id\":\"https:\/\/dariofelipecabello.com\/es\/#\/schema\/logo\/image\/\"},\"sameAs\":[\"https:\/\/www.instagram.com\/dariofcabello\",\"https:\/\/www.instagram.com\/plasticabello\"]},{\"@type\":\"Person\",\"@id\":\"https:\/\/dariofelipecabello.com\/es\/#\/schema\/person\/3fdc12cd889f4bf5a7817f39c5ec14df\",\"name\":\"dariofelipecabello.com\",\"image\":{\"@type\":\"ImageObject\",\"inLanguage\":\"es-CO\",\"@id\":\"https:\/\/dariofelipecabello.com\/es\/#\/schema\/person\/image\/\",\"url\":\"https:\/\/secure.gravatar.com\/avatar\/e2c64b2dfbc74084f6e3242b509db17c?s=96&d=mm&r=g\",\"contentUrl\":\"https:\/\/secure.gravatar.com\/avatar\/e2c64b2dfbc74084f6e3242b509db17c?s=96&d=mm&r=g\",\"caption\":\"dariofelipecabello.com\"},\"sameAs\":[\"http:\/\/dariofelipecabello.com\"],\"url\":\"https:\/\/dariofelipecabello.com\/es\/author\/dariofelipecabello-com\/\"}]}<\/script>\n<!-- \/ Yoast SEO plugin. -->","yoast_head_json":{"title":"Hybrid Facelift: lifting facial moderno y natural - Dario Felipe Cabello","description":"Descubre el Hybrid Facelift: lifting facial moderno con resultados naturales y recuperaci\u00f3n m\u00e1s corta que el lifting cl\u00e1sico.","robots":{"index":"index","follow":"follow","max-snippet":"max-snippet:-1","max-image-preview":"max-image-preview:large","max-video-preview":"max-video-preview:-1"},"canonical":"https:\/\/dariofelipecabello.com\/es\/hybrid-facelift-lifting-facial-moderno-y-natural\/","og_locale":"es_ES","og_type":"article","og_title":"Hybrid Facelift: lifting facial moderno y natural - Dario Felipe Cabello","og_description":"Descubre el Hybrid Facelift: lifting facial moderno con resultados naturales y recuperaci\u00f3n m\u00e1s corta que el lifting cl\u00e1sico.","og_url":"https:\/\/dariofelipecabello.com\/es\/hybrid-facelift-lifting-facial-moderno-y-natural\/","og_site_name":"Dario Felipe Cabello","article_published_time":"2025-09-26T13:03:50+00:00","article_modified_time":"2025-09-26T13:09:21+00:00","og_image":[{"width":1536,"height":2048,"url":"https:\/\/dariofelipecabello.com\/wp-content\/uploads\/2025\/09\/IMG_0577.jpg","type":"image\/jpeg"}],"author":"dariofelipecabello.com","twitter_card":"summary_large_image","twitter_misc":{"Escrito por":"dariofelipecabello.com","Tiempo de lectura":"4 minutos"},"schema":{"@context":"https:\/\/schema.org","@graph":[{"@type":"Article","@id":"https:\/\/dariofelipecabello.com\/hybrid-facelift-lifting-facial-moderno-y-natural\/#article","isPartOf":{"@id":"https:\/\/dariofelipecabello.com\/hybrid-facelift-lifting-facial-moderno-y-natural\/"},"author":{"name":"dariofelipecabello.com","@id":"https:\/\/dariofelipecabello.com\/es\/#\/schema\/person\/3fdc12cd889f4bf5a7817f39c5ec14df"},"headline":"Hybrid Facelift: lifting facial moderno y natural","datePublished":"2025-09-26T13:03:50+00:00","dateModified":"2025-09-26T13:09:21+00:00","mainEntityOfPage":{"@id":"https:\/\/dariofelipecabello.com\/hybrid-facelift-lifting-facial-moderno-y-natural\/"},"wordCount":647,"commentCount":0,"publisher":{"@id":"https:\/\/dariofelipecabello.com\/es\/#organization"},"image":{"@id":"https:\/\/dariofelipecabello.com\/hybrid-facelift-lifting-facial-moderno-y-natural\/#primaryimage"},"thumbnailUrl":"https:\/\/dariofelipecabello.com\/wp-content\/uploads\/2025\/09\/IMG_0577.jpg","articleSection":["Blog"],"inLanguage":"es-CO","potentialAction":[{"@type":"CommentAction","name":"Comment","target":["https:\/\/dariofelipecabello.com\/hybrid-facelift-lifting-facial-moderno-y-natural\/#respond"]}]},{"@type":"WebPage","@id":"https:\/\/dariofelipecabello.com\/hybrid-facelift-lifting-facial-moderno-y-natural\/","url":"https:\/\/dariofelipecabello.com\/hybrid-facelift-lifting-facial-moderno-y-natural\/","name":"Hybrid Facelift: lifting facial moderno y natural - Dario Felipe Cabello","isPartOf":{"@id":"https:\/\/dariofelipecabello.com\/es\/#website"},"primaryImageOfPage":{"@id":"https:\/\/dariofelipecabello.com\/hybrid-facelift-lifting-facial-moderno-y-natural\/#primaryimage"},"image":{"@id":"https:\/\/dariofelipecabello.com\/hybrid-facelift-lifting-facial-moderno-y-natural\/#primaryimage"},"thumbnailUrl":"https:\/\/dariofelipecabello.com\/wp-content\/uploads\/2025\/09\/IMG_0577.jpg","datePublished":"2025-09-26T13:03:50+00:00","dateModified":"2025-09-26T13:09:21+00:00","description":"Descubre el Hybrid Facelift: lifting facial moderno con resultados naturales y recuperaci\u00f3n m\u00e1s corta que el lifting cl\u00e1sico.","breadcrumb":{"@id":"https:\/\/dariofelipecabello.com\/hybrid-facelift-lifting-facial-moderno-y-natural\/#breadcrumb"},"inLanguage":"es-CO","potentialAction":[{"@type":"ReadAction","target":["https:\/\/dariofelipecabello.com\/hybrid-facelift-lifting-facial-moderno-y-natural\/"]}]},{"@type":"ImageObject","inLanguage":"es-CO","@id":"https:\/\/dariofelipecabello.com\/hybrid-facelift-lifting-facial-moderno-y-natural\/#primaryimage","url":"https:\/\/dariofelipecabello.com\/wp-content\/uploads\/2025\/09\/IMG_0577.jpg","contentUrl":"https:\/\/dariofelipecabello.com\/wp-content\/uploads\/2025\/09\/IMG_0577.jpg","width":1536,"height":2048},{"@type":"BreadcrumbList","@id":"https:\/\/dariofelipecabello.com\/hybrid-facelift-lifting-facial-moderno-y-natural\/#breadcrumb","itemListElement":[{"@type":"ListItem","position":1,"name":"Portada","item":"https:\/\/dariofelipecabello.com\/"},{"@type":"ListItem","position":2,"name":"Hybrid Facelift: lifting facial moderno y natural"}]},{"@type":"WebSite","@id":"https:\/\/dariofelipecabello.com\/es\/#website","url":"https:\/\/dariofelipecabello.com\/es\/","name":"Dario Felipe Cabello","description":"Keep it Natural","publisher":{"@id":"https:\/\/dariofelipecabello.com\/es\/#organization"},"potentialAction":[{"@type":"SearchAction","target":{"@type":"EntryPoint","urlTemplate":"https:\/\/dariofelipecabello.com\/es\/?s={search_term_string}"},"query-input":"required name=search_term_string"}],"inLanguage":"es-CO"},{"@type":"Organization","@id":"https:\/\/dariofelipecabello.com\/es\/#organization","name":"Dario Felipe Cabello","url":"https:\/\/dariofelipecabello.com\/es\/","logo":{"@type":"ImageObject","inLanguage":"es-CO","@id":"https:\/\/dariofelipecabello.com\/es\/#\/schema\/logo\/image\/","url":"https:\/\/dariofelipecabello.com\/wp-content\/uploads\/2024\/03\/Logo-DFC-Color.png","contentUrl":"https:\/\/dariofelipecabello.com\/wp-content\/uploads\/2024\/03\/Logo-DFC-Color.png","width":997,"height":412,"caption":"Dario Felipe Cabello"},"image":{"@id":"https:\/\/dariofelipecabello.com\/es\/#\/schema\/logo\/image\/"},"sameAs":["https:\/\/www.instagram.com\/dariofcabello","https:\/\/www.instagram.com\/plasticabello"]},{"@type":"Person","@id":"https:\/\/dariofelipecabello.com\/es\/#\/schema\/person\/3fdc12cd889f4bf5a7817f39c5ec14df","name":"dariofelipecabello.com","image":{"@type":"ImageObject","inLanguage":"es-CO","@id":"https:\/\/dariofelipecabello.com\/es\/#\/schema\/person\/image\/","url":"https:\/\/secure.gravatar.com\/avatar\/e2c64b2dfbc74084f6e3242b509db17c?s=96&d=mm&r=g","contentUrl":"https:\/\/secure.gravatar.com\/avatar\/e2c64b2dfbc74084f6e3242b509db17c?s=96&d=mm&r=g","caption":"dariofelipecabello.com"},"sameAs":["http:\/\/dariofelipecabello.com"],"url":"https:\/\/dariofelipecabello.com\/es\/author\/dariofelipecabello-com\/"}]}},"jetpack_sharing_enabled":true,"jetpack_featured_media_url":"https:\/\/dariofelipecabello.com\/wp-content\/uploads\/2025\/09\/IMG_0577.jpg","_links":{"self":[{"href":"https:\/\/dariofelipecabello.com\/es\/wp-json\/wp\/v2\/posts\/2393","targetHints":{"allow":["GET"]}}],"collection":[{"href":"https:\/\/dariofelipecabello.com\/es\/wp-json\/wp\/v2\/posts"}],"about":[{"href":"https:\/\/dariofelipecabello.com\/es\/wp-json\/wp\/v2\/types\/post"}],"author":[{"embeddable":true,"href":"https:\/\/dariofelipecabello.com\/es\/wp-json\/wp\/v2\/users\/1"}],"replies":[{"embeddable":true,"href":"https:\/\/dariofelipecabello.com\/es\/wp-json\/wp\/v2\/comments?post=2393"}],"version-history":[{"count":3,"href":"https:\/\/dariofelipecabello.com\/es\/wp-json\/wp\/v2\/posts\/2393\/revisions"}],"predecessor-version":[{"id":2402,"href":"https:\/\/dariofelipecabello.com\/es\/wp-json\/wp\/v2\/posts\/2393\/revisions\/2402"}],"wp:featuredmedia":[{"embeddable":true,"href":"https:\/\/dariofelipecabello.com\/es\/wp-json\/wp\/v2\/media\/2398"}],"wp:attachment":[{"href":"https:\/\/dariofelipecabello.com\/es\/wp-json\/wp\/v2\/media?parent=2393"}],"wp:term":[{"taxonomy":"category","embeddable":true,"href":"https:\/\/dariofelipecabello.com\/es\/wp-json\/wp\/v2\/categories?post=2393"},{"taxonomy":"post_tag","embeddable":true,"href":"https:\/\/dariofelipecabello.com\/es\/wp-json\/wp\/v2\/tags?post=2393"}],"curies":[{"name":"wp","href":"https:\/\/api.w.org\/{rel}","templated":true}]}}