{"id":2418,"date":"2025-10-23T16:40:11","date_gmt":"2025-10-23T21:40:11","guid":{"rendered":"https:\/\/dariofelipecabello.com\/?p=2418"},"modified":"2025-10-24T07:42:38","modified_gmt":"2025-10-24T12:42:38","slug":"recuperacion-rapida-hybrid-facelift","status":"publish","type":"post","link":"https:\/\/dariofelipecabello.com\/es\/recuperacion-rapida-hybrid-facelift\/","title":{"rendered":"Recuperaci\u00f3n r\u00e1pida despu\u00e9s de un Hybrid Facelift"},"content":{"rendered":"\n<p>La recuperaci\u00f3n r\u00e1pida despu\u00e9s de un Hybrid Facelift no es cuesti\u00f3n de suerte, sino de t\u00e9cnica, tecnolog\u00eda y acompa\u00f1amiento.<br>En la pr\u00e1ctica del Dr. Dar\u00edo Felipe Cabello, cada paciente pasa por un protocolo integral que acelera la regeneraci\u00f3n y reduce la inflamaci\u00f3n, garantizando un resultado natural y seguro.<\/p>\n\n\n\n<p>En cirug\u00eda pl\u00e1stica, el verdadero cambio no termina en el quir\u00f3fano, comienza en la recuperaci\u00f3n.<\/p>\n\n\n\n<figure class=\"wp-block-image size-large is-resized\"><img fetchpriority=\"high\" decoding=\"async\" width=\"768\" height=\"1024\" src=\"https:\/\/dariofelipecabello.com\/wp-content\/uploads\/2025\/10\/Imagen-de-WhatsApp-2025-10-23-a-las-16.39.04_5e6d6aa6-768x1024.jpg\" alt=\"\" class=\"wp-image-2419\" style=\"width:840px;height:auto\" srcset=\"https:\/\/dariofelipecabello.com\/wp-content\/uploads\/2025\/10\/Imagen-de-WhatsApp-2025-10-23-a-las-16.39.04_5e6d6aa6-768x1024.jpg 768w, https:\/\/dariofelipecabello.com\/wp-content\/uploads\/2025\/10\/Imagen-de-WhatsApp-2025-10-23-a-las-16.39.04_5e6d6aa6-225x300.jpg 225w, https:\/\/dariofelipecabello.com\/wp-content\/uploads\/2025\/10\/Imagen-de-WhatsApp-2025-10-23-a-las-16.39.04_5e6d6aa6-1152x1536.jpg 1152w, https:\/\/dariofelipecabello.com\/wp-content\/uploads\/2025\/10\/Imagen-de-WhatsApp-2025-10-23-a-las-16.39.04_5e6d6aa6-9x12.jpg 9w, https:\/\/dariofelipecabello.com\/wp-content\/uploads\/2025\/10\/Imagen-de-WhatsApp-2025-10-23-a-las-16.39.04_5e6d6aa6-600x800.jpg 600w, https:\/\/dariofelipecabello.com\/wp-content\/uploads\/2025\/10\/Imagen-de-WhatsApp-2025-10-23-a-las-16.39.04_5e6d6aa6.jpg 1200w\" sizes=\"(max-width: 768px) 100vw, 768px\" \/><\/figure>\n\n\n\n<h4 class=\"wp-block-heading\">Un protocolo exclusivo para una recuperaci\u00f3n real<\/h4>\n\n\n\n<p>La t\u00e9cnica Hybrid Facelift combina reposicionamiento profundo de tejidos (Deep Plane) con tratamientos complementarios que estimulan la regeneraci\u00f3n celular.<br>Pero lo que realmente marca la diferencia es lo que sucede despu\u00e9s:<\/p>\n\n\n\n<h5 class=\"wp-block-heading\">Ozonoterapia m\u00e9dica<\/h5>\n\n\n\n<p>La ozonoterapia acelera la oxigenaci\u00f3n de los tejidos y estimula el sistema inmune.<br>Esto significa menos inflamaci\u00f3n, y una mejor cicatrizaci\u00f3n.<\/p>\n\n\n\n<h5 class=\"wp-block-heading\">INDIBA Radiofrecuencia m\u00e9dica<\/h5>\n\n\n\n<p>INDIBA es una tecnolog\u00eda de radiofrecuencia que act\u00faa desde el interior de los tejidos, activando la circulaci\u00f3n y regeneraci\u00f3n celular.<br>Despu\u00e9s del facelift, se utiliza para favorecer la retracci\u00f3n cut\u00e1nea, reducir la inflamaci\u00f3n y mejorar la calidad de la piel, ayudando a que el resultado se vea natural, sin rigidez ni tirantez.<\/p>\n\n\n\n<h5 class=\"wp-block-heading\">Acompa\u00f1amiento m\u00e9dico cercano<\/h5>\n\n\n\n<p>Durante las semanas posteriores, el equipo del Dr. Cabello realiza un seguimiento constante para responder dudas que se generen.<br>El paciente nunca est\u00e1 solo en su proceso; cada etapa est\u00e1 supervisada y guiada para garantizar una recuperaci\u00f3n tranquila y segura.<\/p>\n\n\n\n<figure class=\"wp-block-image size-large\"><img decoding=\"async\" width=\"682\" height=\"1024\" src=\"https:\/\/dariofelipecabello.com\/wp-content\/uploads\/2025\/10\/Imagen-de-WhatsApp-2025-10-23-a-las-16.39.04_339628a6-682x1024.jpg\" alt=\"\" class=\"wp-image-2420\" srcset=\"https:\/\/dariofelipecabello.com\/wp-content\/uploads\/2025\/10\/Imagen-de-WhatsApp-2025-10-23-a-las-16.39.04_339628a6-682x1024.jpg 682w, https:\/\/dariofelipecabello.com\/wp-content\/uploads\/2025\/10\/Imagen-de-WhatsApp-2025-10-23-a-las-16.39.04_339628a6-200x300.jpg 200w, https:\/\/dariofelipecabello.com\/wp-content\/uploads\/2025\/10\/Imagen-de-WhatsApp-2025-10-23-a-las-16.39.04_339628a6-768x1153.jpg 768w, https:\/\/dariofelipecabello.com\/wp-content\/uploads\/2025\/10\/Imagen-de-WhatsApp-2025-10-23-a-las-16.39.04_339628a6-1023x1536.jpg 1023w, https:\/\/dariofelipecabello.com\/wp-content\/uploads\/2025\/10\/Imagen-de-WhatsApp-2025-10-23-a-las-16.39.04_339628a6-8x12.jpg 8w, https:\/\/dariofelipecabello.com\/wp-content\/uploads\/2025\/10\/Imagen-de-WhatsApp-2025-10-23-a-las-16.39.04_339628a6-600x901.jpg 600w, https:\/\/dariofelipecabello.com\/wp-content\/uploads\/2025\/10\/Imagen-de-WhatsApp-2025-10-23-a-las-16.39.04_339628a6.jpg 1066w\" sizes=\"(max-width: 682px) 100vw, 682px\" \/><\/figure>\n\n\n\n<h4 class=\"wp-block-heading\">El resultado: naturalidad, seguridad y bienestar<\/h4>\n\n\n\n<p>Gracias a este protocolo, los pacientes del Dr. Cabello experimentan una recuperaci\u00f3n m\u00e1s corta, con menos moretones, menos dolor y resultados visibles antes de lo habitual.<\/p>\n\n\n\n<p>Mientras otros m\u00e9todos se centran solo en la cirug\u00eda, en nuestra pr\u00e1ctica la recuperaci\u00f3n forma parte del tratamiento.<br>El rostro no solo rejuvenece: recupera vitalidad, armon\u00eda y confianza.<\/p>\n\n\n\n<h4 class=\"wp-block-heading\">Por qu\u00e9 elegir al Dr. Dar\u00edo Cabello para tu recuperaci\u00f3n facial<\/h4>\n\n\n\n<p>El Dr. Dar\u00edo Felipe Cabello, cirujano pl\u00e1stico certificado con m\u00e1s de 15 a\u00f1os de experiencia, ha perfeccionado una filosof\u00eda basada en la excelencia y el acompa\u00f1amiento.<br>Cada paciente recibe un plan 100% personalizado, donde la t\u00e9cnica quir\u00fargica, la tecnolog\u00eda m\u00e9dica y la atenci\u00f3n humana trabajan juntas.<\/p>\n\n\n\n<p>Porque en sus palabras:<\/p>\n\n\n\n<p>\u201cNo se trata solo de operar. Se trata de cuidar el resultado, la salud y la tranquilidad del paciente.\u201d<\/p>\n\n\n\n<p>Conclusi\u00f3n: una nueva forma de entender la cirug\u00eda pl\u00e1stica<\/p>\n\n\n\n<p>La recuperaci\u00f3n no es el final del proceso, es el comienzo de tu nueva versi\u00f3n.<br>Con el enfoque integral del Dr. Cabello \u2014que combina el Hybrid Facelift, la ozonoterapia, la radiofrecuencia INDIBA y un seguimiento constante\u2014, cada paciente puede disfrutar de un rejuvenecimiento natural y una recuperaci\u00f3n m\u00e1s r\u00e1pida.<\/p>\n\n\n\n<p>\ud83d\udccd Agenda tu valoraci\u00f3n y conoce c\u00f3mo el Dr. Dar\u00edo Cabello puede dise\u00f1ar un plan personalizado para ti.<br>Tu rostro, tu tiempo y tu confianza merecen una atenci\u00f3n que va m\u00e1s all\u00e1&nbsp;del&nbsp;quir\u00f3fano.<\/p>\n\n\n\n<p><br>\ud83d\udc49 <strong>Enlaces internos sugeridos:<\/strong><\/p>\n\n\n\n<p><a href=\"https:\/\/dariofelipecabello.com\/es\/hybrid-facelift-technique\/\">Hybrid Facelift Technique: el lifting facial personalizado que adapta a ti<\/a><\/p>\n\n\n\n<p><a href=\"https:\/\/dariofelipecabello.com\/es\/hybrid-facelift-technique\/\">Cuidados antes y despu\u00e9s de una cirug\u00eda facial<\/a><\/p>\n\n\n\n<p><a href=\"https:\/\/dariofelipecabello.com\/es\/ozonoterapia\/\">Ozonoterapia: la aliada perfecta en tu recuperaci\u00f3n postquir\u00fargica<\/a><\/p>\n\n\n\n<p><a href=\"https:\/\/dariofelipecabello.com\/es\/indiba\">Indiba: tecnolog\u00eda regenerativa para una piel firme y saludable<\/a><\/p>\n\n\n\n<p><\/p>\n\n\n\n<p><\/p>\n\n\n\n<p><\/p>\n","protected":false},"excerpt":{"rendered":"<p>La recuperaci\u00f3n r\u00e1pida despu\u00e9s de un Hybrid Facelift no es cuesti\u00f3n de suerte, sino de t\u00e9cnica, tecnolog\u00eda y acompa\u00f1amiento.En la pr\u00e1ctica del Dr. Dar\u00edo Felipe Cabello, cada paciente pasa por un protocolo integral que acelera la regeneraci\u00f3n y reduce la inflamaci\u00f3n, garantizando un resultado natural y seguro. En cirug\u00eda pl\u00e1stica, el verdadero cambio no termina [&hellip;]<\/p>\n","protected":false},"author":1,"featured_media":2420,"comment_status":"open","ping_status":"open","sticky":false,"template":"","format":"standard","meta":{"_ppp_document_settings_meta":"","_jetpack_memberships_contains_paid_content":false,"footnotes":"[]"},"categories":[1],"tags":[],"class_list":["post-2418","post","type-post","status-publish","format-standard","has-post-thumbnail","hentry","category-blog"],"yoast_head":"<!-- This site is optimized with the Yoast SEO plugin v22.8 - https:\/\/yoast.com\/wordpress\/plugins\/seo\/ -->\n<title>Recuperaci\u00f3n r\u00e1pida despu\u00e9s de un Hybrid Facelift - Dario Felipe Cabello<\/title>\n<meta name=\"description\" content=\"Logra una recuperaci\u00f3n r\u00e1pida despu\u00e9s de un Hybrid Facelift con el protocolo exclusivo del Dr. Dar\u00edo Cabello\" \/>\n<meta name=\"robots\" content=\"index, follow, max-snippet:-1, max-image-preview:large, max-video-preview:-1\" \/>\n<link rel=\"canonical\" href=\"https:\/\/dariofelipecabello.com\/es\/recuperacion-rapida-hybrid-facelift\/\" \/>\n<meta property=\"og:locale\" content=\"es_ES\" \/>\n<meta property=\"og:type\" content=\"article\" \/>\n<meta property=\"og:title\" content=\"Recuperaci\u00f3n r\u00e1pida despu\u00e9s de un Hybrid Facelift - Dario Felipe Cabello\" \/>\n<meta property=\"og:description\" content=\"Logra una recuperaci\u00f3n r\u00e1pida despu\u00e9s de un Hybrid Facelift con el protocolo exclusivo del Dr. Dar\u00edo Cabello\" \/>\n<meta property=\"og:url\" content=\"https:\/\/dariofelipecabello.com\/es\/recuperacion-rapida-hybrid-facelift\/\" \/>\n<meta property=\"og:site_name\" content=\"Dario Felipe Cabello\" \/>\n<meta property=\"article:published_time\" content=\"2025-10-23T21:40:11+00:00\" \/>\n<meta property=\"article:modified_time\" content=\"2025-10-24T12:42:38+00:00\" \/>\n<meta property=\"og:image\" content=\"https:\/\/dariofelipecabello.com\/wp-content\/uploads\/2025\/10\/Imagen-de-WhatsApp-2025-10-23-a-las-16.39.04_339628a6.jpg\" \/>\n\t<meta property=\"og:image:width\" content=\"1066\" \/>\n\t<meta property=\"og:image:height\" content=\"1600\" \/>\n\t<meta property=\"og:image:type\" content=\"image\/jpeg\" \/>\n<meta name=\"author\" content=\"dariofelipecabello.com\" \/>\n<meta name=\"twitter:card\" content=\"summary_large_image\" \/>\n<meta name=\"twitter:label1\" content=\"Escrito por\" \/>\n\t<meta name=\"twitter:data1\" content=\"dariofelipecabello.com\" \/>\n\t<meta name=\"twitter:label2\" content=\"Tiempo de lectura\" \/>\n\t<meta name=\"twitter:data2\" content=\"3 minutos\" \/>\n<script type=\"application\/ld+json\" class=\"yoast-schema-graph\">{\"@context\":\"https:\/\/schema.org\",\"@graph\":[{\"@type\":\"Article\",\"@id\":\"https:\/\/dariofelipecabello.com\/recuperacion-rapida-hybrid-facelift\/#article\",\"isPartOf\":{\"@id\":\"https:\/\/dariofelipecabello.com\/recuperacion-rapida-hybrid-facelift\/\"},\"author\":{\"name\":\"dariofelipecabello.com\",\"@id\":\"https:\/\/dariofelipecabello.com\/es\/#\/schema\/person\/3fdc12cd889f4bf5a7817f39c5ec14df\"},\"headline\":\"Recuperaci\u00f3n r\u00e1pida despu\u00e9s de un Hybrid Facelift\",\"datePublished\":\"2025-10-23T21:40:11+00:00\",\"dateModified\":\"2025-10-24T12:42:38+00:00\",\"mainEntityOfPage\":{\"@id\":\"https:\/\/dariofelipecabello.com\/recuperacion-rapida-hybrid-facelift\/\"},\"wordCount\":577,\"commentCount\":0,\"publisher\":{\"@id\":\"https:\/\/dariofelipecabello.com\/es\/#organization\"},\"image\":{\"@id\":\"https:\/\/dariofelipecabello.com\/recuperacion-rapida-hybrid-facelift\/#primaryimage\"},\"thumbnailUrl\":\"https:\/\/dariofelipecabello.com\/wp-content\/uploads\/2025\/10\/Imagen-de-WhatsApp-2025-10-23-a-las-16.39.04_339628a6.jpg\",\"articleSection\":[\"Blog\"],\"inLanguage\":\"es-CO\",\"potentialAction\":[{\"@type\":\"CommentAction\",\"name\":\"Comment\",\"target\":[\"https:\/\/dariofelipecabello.com\/recuperacion-rapida-hybrid-facelift\/#respond\"]}]},{\"@type\":\"WebPage\",\"@id\":\"https:\/\/dariofelipecabello.com\/recuperacion-rapida-hybrid-facelift\/\",\"url\":\"https:\/\/dariofelipecabello.com\/recuperacion-rapida-hybrid-facelift\/\",\"name\":\"Recuperaci\u00f3n r\u00e1pida despu\u00e9s de un Hybrid Facelift - Dario Felipe Cabello\",\"isPartOf\":{\"@id\":\"https:\/\/dariofelipecabello.com\/es\/#website\"},\"primaryImageOfPage\":{\"@id\":\"https:\/\/dariofelipecabello.com\/recuperacion-rapida-hybrid-facelift\/#primaryimage\"},\"image\":{\"@id\":\"https:\/\/dariofelipecabello.com\/recuperacion-rapida-hybrid-facelift\/#primaryimage\"},\"thumbnailUrl\":\"https:\/\/dariofelipecabello.com\/wp-content\/uploads\/2025\/10\/Imagen-de-WhatsApp-2025-10-23-a-las-16.39.04_339628a6.jpg\",\"datePublished\":\"2025-10-23T21:40:11+00:00\",\"dateModified\":\"2025-10-24T12:42:38+00:00\",\"description\":\"Logra una recuperaci\u00f3n r\u00e1pida despu\u00e9s de un Hybrid Facelift con el protocolo exclusivo del Dr. Dar\u00edo Cabello\",\"breadcrumb\":{\"@id\":\"https:\/\/dariofelipecabello.com\/recuperacion-rapida-hybrid-facelift\/#breadcrumb\"},\"inLanguage\":\"es-CO\",\"potentialAction\":[{\"@type\":\"ReadAction\",\"target\":[\"https:\/\/dariofelipecabello.com\/recuperacion-rapida-hybrid-facelift\/\"]}]},{\"@type\":\"ImageObject\",\"inLanguage\":\"es-CO\",\"@id\":\"https:\/\/dariofelipecabello.com\/recuperacion-rapida-hybrid-facelift\/#primaryimage\",\"url\":\"https:\/\/dariofelipecabello.com\/wp-content\/uploads\/2025\/10\/Imagen-de-WhatsApp-2025-10-23-a-las-16.39.04_339628a6.jpg\",\"contentUrl\":\"https:\/\/dariofelipecabello.com\/wp-content\/uploads\/2025\/10\/Imagen-de-WhatsApp-2025-10-23-a-las-16.39.04_339628a6.jpg\",\"width\":1066,\"height\":1600},{\"@type\":\"BreadcrumbList\",\"@id\":\"https:\/\/dariofelipecabello.com\/recuperacion-rapida-hybrid-facelift\/#breadcrumb\",\"itemListElement\":[{\"@type\":\"ListItem\",\"position\":1,\"name\":\"Portada\",\"item\":\"https:\/\/dariofelipecabello.com\/\"},{\"@type\":\"ListItem\",\"position\":2,\"name\":\"Recuperaci\u00f3n r\u00e1pida despu\u00e9s de un Hybrid Facelift\"}]},{\"@type\":\"WebSite\",\"@id\":\"https:\/\/dariofelipecabello.com\/es\/#website\",\"url\":\"https:\/\/dariofelipecabello.com\/es\/\",\"name\":\"Dario Felipe Cabello\",\"description\":\"Keep it Natural\",\"publisher\":{\"@id\":\"https:\/\/dariofelipecabello.com\/es\/#organization\"},\"potentialAction\":[{\"@type\":\"SearchAction\",\"target\":{\"@type\":\"EntryPoint\",\"urlTemplate\":\"https:\/\/dariofelipecabello.com\/es\/?s={search_term_string}\"},\"query-input\":\"required name=search_term_string\"}],\"inLanguage\":\"es-CO\"},{\"@type\":\"Organization\",\"@id\":\"https:\/\/dariofelipecabello.com\/es\/#organization\",\"name\":\"Dario Felipe Cabello\",\"url\":\"https:\/\/dariofelipecabello.com\/es\/\",\"logo\":{\"@type\":\"ImageObject\",\"inLanguage\":\"es-CO\",\"@id\":\"https:\/\/dariofelipecabello.com\/es\/#\/schema\/logo\/image\/\",\"url\":\"https:\/\/dariofelipecabello.com\/wp-content\/uploads\/2024\/03\/Logo-DFC-Color.png\",\"contentUrl\":\"https:\/\/dariofelipecabello.com\/wp-content\/uploads\/2024\/03\/Logo-DFC-Color.png\",\"width\":997,\"height\":412,\"caption\":\"Dario Felipe Cabello\"},\"image\":{\"@id\":\"https:\/\/dariofelipecabello.com\/es\/#\/schema\/logo\/image\/\"},\"sameAs\":[\"https:\/\/www.instagram.com\/dariofcabello\",\"https:\/\/www.instagram.com\/plasticabello\"]},{\"@type\":\"Person\",\"@id\":\"https:\/\/dariofelipecabello.com\/es\/#\/schema\/person\/3fdc12cd889f4bf5a7817f39c5ec14df\",\"name\":\"dariofelipecabello.com\",\"image\":{\"@type\":\"ImageObject\",\"inLanguage\":\"es-CO\",\"@id\":\"https:\/\/dariofelipecabello.com\/es\/#\/schema\/person\/image\/\",\"url\":\"https:\/\/secure.gravatar.com\/avatar\/e2c64b2dfbc74084f6e3242b509db17c?s=96&d=mm&r=g\",\"contentUrl\":\"https:\/\/secure.gravatar.com\/avatar\/e2c64b2dfbc74084f6e3242b509db17c?s=96&d=mm&r=g\",\"caption\":\"dariofelipecabello.com\"},\"sameAs\":[\"http:\/\/dariofelipecabello.com\"],\"url\":\"https:\/\/dariofelipecabello.com\/es\/author\/dariofelipecabello-com\/\"}]}<\/script>\n<!-- \/ Yoast SEO plugin. -->","yoast_head_json":{"title":"Recuperaci\u00f3n r\u00e1pida despu\u00e9s de un Hybrid Facelift - Dario Felipe Cabello","description":"Logra una recuperaci\u00f3n r\u00e1pida despu\u00e9s de un Hybrid Facelift con el protocolo exclusivo del Dr. Dar\u00edo Cabello","robots":{"index":"index","follow":"follow","max-snippet":"max-snippet:-1","max-image-preview":"max-image-preview:large","max-video-preview":"max-video-preview:-1"},"canonical":"https:\/\/dariofelipecabello.com\/es\/recuperacion-rapida-hybrid-facelift\/","og_locale":"es_ES","og_type":"article","og_title":"Recuperaci\u00f3n r\u00e1pida despu\u00e9s de un Hybrid Facelift - Dario Felipe Cabello","og_description":"Logra una recuperaci\u00f3n r\u00e1pida despu\u00e9s de un Hybrid Facelift con el protocolo exclusivo del Dr. Dar\u00edo Cabello","og_url":"https:\/\/dariofelipecabello.com\/es\/recuperacion-rapida-hybrid-facelift\/","og_site_name":"Dario Felipe Cabello","article_published_time":"2025-10-23T21:40:11+00:00","article_modified_time":"2025-10-24T12:42:38+00:00","og_image":[{"width":1066,"height":1600,"url":"https:\/\/dariofelipecabello.com\/wp-content\/uploads\/2025\/10\/Imagen-de-WhatsApp-2025-10-23-a-las-16.39.04_339628a6.jpg","type":"image\/jpeg"}],"author":"dariofelipecabello.com","twitter_card":"summary_large_image","twitter_misc":{"Escrito por":"dariofelipecabello.com","Tiempo de lectura":"3 minutos"},"schema":{"@context":"https:\/\/schema.org","@graph":[{"@type":"Article","@id":"https:\/\/dariofelipecabello.com\/recuperacion-rapida-hybrid-facelift\/#article","isPartOf":{"@id":"https:\/\/dariofelipecabello.com\/recuperacion-rapida-hybrid-facelift\/"},"author":{"name":"dariofelipecabello.com","@id":"https:\/\/dariofelipecabello.com\/es\/#\/schema\/person\/3fdc12cd889f4bf5a7817f39c5ec14df"},"headline":"Recuperaci\u00f3n r\u00e1pida despu\u00e9s de un Hybrid Facelift","datePublished":"2025-10-23T21:40:11+00:00","dateModified":"2025-10-24T12:42:38+00:00","mainEntityOfPage":{"@id":"https:\/\/dariofelipecabello.com\/recuperacion-rapida-hybrid-facelift\/"},"wordCount":577,"commentCount":0,"publisher":{"@id":"https:\/\/dariofelipecabello.com\/es\/#organization"},"image":{"@id":"https:\/\/dariofelipecabello.com\/recuperacion-rapida-hybrid-facelift\/#primaryimage"},"thumbnailUrl":"https:\/\/dariofelipecabello.com\/wp-content\/uploads\/2025\/10\/Imagen-de-WhatsApp-2025-10-23-a-las-16.39.04_339628a6.jpg","articleSection":["Blog"],"inLanguage":"es-CO","potentialAction":[{"@type":"CommentAction","name":"Comment","target":["https:\/\/dariofelipecabello.com\/recuperacion-rapida-hybrid-facelift\/#respond"]}]},{"@type":"WebPage","@id":"https:\/\/dariofelipecabello.com\/recuperacion-rapida-hybrid-facelift\/","url":"https:\/\/dariofelipecabello.com\/recuperacion-rapida-hybrid-facelift\/","name":"Recuperaci\u00f3n r\u00e1pida despu\u00e9s de un Hybrid Facelift - Dario Felipe Cabello","isPartOf":{"@id":"https:\/\/dariofelipecabello.com\/es\/#website"},"primaryImageOfPage":{"@id":"https:\/\/dariofelipecabello.com\/recuperacion-rapida-hybrid-facelift\/#primaryimage"},"image":{"@id":"https:\/\/dariofelipecabello.com\/recuperacion-rapida-hybrid-facelift\/#primaryimage"},"thumbnailUrl":"https:\/\/dariofelipecabello.com\/wp-content\/uploads\/2025\/10\/Imagen-de-WhatsApp-2025-10-23-a-las-16.39.04_339628a6.jpg","datePublished":"2025-10-23T21:40:11+00:00","dateModified":"2025-10-24T12:42:38+00:00","description":"Logra una recuperaci\u00f3n r\u00e1pida despu\u00e9s de un Hybrid Facelift con el protocolo exclusivo del Dr. Dar\u00edo Cabello","breadcrumb":{"@id":"https:\/\/dariofelipecabello.com\/recuperacion-rapida-hybrid-facelift\/#breadcrumb"},"inLanguage":"es-CO","potentialAction":[{"@type":"ReadAction","target":["https:\/\/dariofelipecabello.com\/recuperacion-rapida-hybrid-facelift\/"]}]},{"@type":"ImageObject","inLanguage":"es-CO","@id":"https:\/\/dariofelipecabello.com\/recuperacion-rapida-hybrid-facelift\/#primaryimage","url":"https:\/\/dariofelipecabello.com\/wp-content\/uploads\/2025\/10\/Imagen-de-WhatsApp-2025-10-23-a-las-16.39.04_339628a6.jpg","contentUrl":"https:\/\/dariofelipecabello.com\/wp-content\/uploads\/2025\/10\/Imagen-de-WhatsApp-2025-10-23-a-las-16.39.04_339628a6.jpg","width":1066,"height":1600},{"@type":"BreadcrumbList","@id":"https:\/\/dariofelipecabello.com\/recuperacion-rapida-hybrid-facelift\/#breadcrumb","itemListElement":[{"@type":"ListItem","position":1,"name":"Portada","item":"https:\/\/dariofelipecabello.com\/"},{"@type":"ListItem","position":2,"name":"Recuperaci\u00f3n r\u00e1pida despu\u00e9s de un Hybrid Facelift"}]},{"@type":"WebSite","@id":"https:\/\/dariofelipecabello.com\/es\/#website","url":"https:\/\/dariofelipecabello.com\/es\/","name":"Dario Felipe Cabello","description":"Keep it Natural","publisher":{"@id":"https:\/\/dariofelipecabello.com\/es\/#organization"},"potentialAction":[{"@type":"SearchAction","target":{"@type":"EntryPoint","urlTemplate":"https:\/\/dariofelipecabello.com\/es\/?s={search_term_string}"},"query-input":"required name=search_term_string"}],"inLanguage":"es-CO"},{"@type":"Organization","@id":"https:\/\/dariofelipecabello.com\/es\/#organization","name":"Dario Felipe Cabello","url":"https:\/\/dariofelipecabello.com\/es\/","logo":{"@type":"ImageObject","inLanguage":"es-CO","@id":"https:\/\/dariofelipecabello.com\/es\/#\/schema\/logo\/image\/","url":"https:\/\/dariofelipecabello.com\/wp-content\/uploads\/2024\/03\/Logo-DFC-Color.png","contentUrl":"https:\/\/dariofelipecabello.com\/wp-content\/uploads\/2024\/03\/Logo-DFC-Color.png","width":997,"height":412,"caption":"Dario Felipe Cabello"},"image":{"@id":"https:\/\/dariofelipecabello.com\/es\/#\/schema\/logo\/image\/"},"sameAs":["https:\/\/www.instagram.com\/dariofcabello","https:\/\/www.instagram.com\/plasticabello"]},{"@type":"Person","@id":"https:\/\/dariofelipecabello.com\/es\/#\/schema\/person\/3fdc12cd889f4bf5a7817f39c5ec14df","name":"dariofelipecabello.com","image":{"@type":"ImageObject","inLanguage":"es-CO","@id":"https:\/\/dariofelipecabello.com\/es\/#\/schema\/person\/image\/","url":"https:\/\/secure.gravatar.com\/avatar\/e2c64b2dfbc74084f6e3242b509db17c?s=96&d=mm&r=g","contentUrl":"https:\/\/secure.gravatar.com\/avatar\/e2c64b2dfbc74084f6e3242b509db17c?s=96&d=mm&r=g","caption":"dariofelipecabello.com"},"sameAs":["http:\/\/dariofelipecabello.com"],"url":"https:\/\/dariofelipecabello.com\/es\/author\/dariofelipecabello-com\/"}]}},"jetpack_sharing_enabled":true,"jetpack_featured_media_url":"https:\/\/dariofelipecabello.com\/wp-content\/uploads\/2025\/10\/Imagen-de-WhatsApp-2025-10-23-a-las-16.39.04_339628a6.jpg","_links":{"self":[{"href":"https:\/\/dariofelipecabello.com\/es\/wp-json\/wp\/v2\/posts\/2418","targetHints":{"allow":["GET"]}}],"collection":[{"href":"https:\/\/dariofelipecabello.com\/es\/wp-json\/wp\/v2\/posts"}],"about":[{"href":"https:\/\/dariofelipecabello.com\/es\/wp-json\/wp\/v2\/types\/post"}],"author":[{"embeddable":true,"href":"https:\/\/dariofelipecabello.com\/es\/wp-json\/wp\/v2\/users\/1"}],"replies":[{"embeddable":true,"href":"https:\/\/dariofelipecabello.com\/es\/wp-json\/wp\/v2\/comments?post=2418"}],"version-history":[{"count":6,"href":"https:\/\/dariofelipecabello.com\/es\/wp-json\/wp\/v2\/posts\/2418\/revisions"}],"predecessor-version":[{"id":2427,"href":"https:\/\/dariofelipecabello.com\/es\/wp-json\/wp\/v2\/posts\/2418\/revisions\/2427"}],"wp:featuredmedia":[{"embeddable":true,"href":"https:\/\/dariofelipecabello.com\/es\/wp-json\/wp\/v2\/media\/2420"}],"wp:attachment":[{"href":"https:\/\/dariofelipecabello.com\/es\/wp-json\/wp\/v2\/media?parent=2418"}],"wp:term":[{"taxonomy":"category","embeddable":true,"href":"https:\/\/dariofelipecabello.com\/es\/wp-json\/wp\/v2\/categories?post=2418"},{"taxonomy":"post_tag","embeddable":true,"href":"https:\/\/dariofelipecabello.com\/es\/wp-json\/wp\/v2\/tags?post=2418"}],"curies":[{"name":"wp","href":"https:\/\/api.w.org\/{rel}","templated":true}]}}